{"id":12697,"date":"2021-04-09T18:04:53","date_gmt":"2021-04-09T21:04:53","guid":{"rendered":"https:\/\/tvc16.com\/portal\/?p=12697"},"modified":"2021-04-09T18:04:55","modified_gmt":"2021-04-09T21:04:55","slug":"mortes-por-covid-19-no-pais-aumentam-10-em-uma-semana","status":"publish","type":"post","link":"https:\/\/tvc16.com\/portal\/2021\/04\/09\/mortes-por-covid-19-no-pais-aumentam-10-em-uma-semana\/","title":{"rendered":"Mortes por covid-19 no pa\u00eds aumentam 10% em uma semana"},"content":{"rendered":"\n<h3 class=\"wp-block-heading\">Novos casos confirmados tiveram uma queda de 14%<\/h3>\n\n\n\n<h4 class=\"wp-block-heading\">Por Jonas Valente \u2013 Rep\u00f3rter Ag\u00eancia Brasil &#8211; Bras\u00edlia<\/h4>\n\n\n\n<p>O total de vidas perdidas para a covid-19 cresceu 10% na Semana Epidemiol\u00f3gica 13, de 28 de mar\u00e7o a 3 de abril. Nesse per\u00edodo, foram registradas 19.643 novas mortes, contra 17.798 confirmadas na semana anterior. A m\u00e9dia m\u00f3vel de mortes (total de vidas perdidas pelo n\u00famero de dias) na SE 13 ficou em 2.806.<img decoding=\"async\" src=\"https:\/\/agenciabrasil.ebc.com.br\/ebc.png?id=1406385&amp;o=node\"><img decoding=\"async\" src=\"https:\/\/agenciabrasil.ebc.com.br\/ebc.gif?id=1406385&amp;o=node\"><\/p>\n\n\n\n<p>Os dados est\u00e3o no Boletim Epidemiol\u00f3gico do Minist\u00e9rio da Sa\u00fade sobre o Coronav\u00edrus N\u00ba 57. O documento re\u00fane a avalia\u00e7\u00e3o da pasta sobre a evolu\u00e7\u00e3o da pandemia, considerando as semanas epidemiol\u00f3gicas e tipo de medica\u00e7\u00e3o empregada por autoridades de sa\u00fade para essas situa\u00e7\u00f5es.<\/p>\n\n\n\n<p>A curva de mortes mostra um aumento intenso a partir do fim do m\u00eas de fevereiro. O resultado da SE 13 \u00e9 quase o dobro de h\u00e1 um m\u00eas, quando na SE 9 foram registrados 10.104 mortes.&nbsp;&nbsp;&nbsp;<\/p>\n\n\n\n<figure class=\"wp-block-image\"><img decoding=\"async\" src=\"https:\/\/imagens.ebc.com.br\/hlgQy1gCfG3UdHlPfJcx5WKzy48=\/754x0\/smart\/https:\/\/agenciabrasil.ebc.com.br\/sites\/default\/files\/thumbnails\/image\/grafico_covid_2_pag_9.png?itok=KLQ-RzV9\" alt=\"Distribui\u00e7\u00e3o dos novos registros de \u00f3bitos (A) por covid-19 por semana epidemiol\u00f3gica de notifica\u00e7\u00e3o. Brasil, 2020-21 \" title=\"Divulga\u00e7\u00e3o\/Minist\u00e9rio da Sa\u00fade\"\/><\/figure>\n\n\n\n<h6 class=\"wp-block-heading\">Distribui\u00e7\u00e3o dos novos registros de \u00f3bitos (A) por covid-19 por semana epidemiol\u00f3gica de notifica\u00e7\u00e3o. Brasil, 2020-21 &#8211;&nbsp;<strong>Divulga\u00e7\u00e3o\/Minist\u00e9rio da Sa\u00fade<\/strong><\/h6>\n\n\n\n<p>O total de novos casos confirmados, contudo, sofreu uma queda de 14%. Na Semana Epidemiol\u00f3gica 13 foram registrados 463.235 novos diagn\u00f3sticos, contra 539.903 novas notifica\u00e7\u00f5es de pessoas infectadas com o novo coronav\u00edrus na semana anterior.<\/p>\n\n\n\n<figure class=\"wp-block-image\"><img decoding=\"async\" src=\"https:\/\/imagens.ebc.com.br\/BtoGnMt4BnM_F3njd02MmQLm0RY=\/754x0\/smart\/https:\/\/agenciabrasil.ebc.com.br\/sites\/default\/files\/thumbnails\/image\/grafico_covid_2_pag_8.png?itok=NLX7nxOt\" alt=\"Distribui\u00e7\u00e3o dos novos registros de casos por covid-19 por semana epidemiol\u00f3gica de notifica\u00e7\u00e3o. Brasil, 2020-21.\" title=\"Divulga\u00e7\u00e3o\/Minist\u00e9rio da Sa\u00fade\"\/><\/figure>\n\n\n\n<h6 class=\"wp-block-heading\">Distribui\u00e7\u00e3o dos novos registros de casos por covid-19 por semana epidemiol\u00f3gica de notifica\u00e7\u00e3o. Brasil, 2020-21. &#8211;&nbsp;<strong>Divulga\u00e7\u00e3o\/Minist\u00e9rio da Sa\u00fade<\/strong><\/h6>\n\n\n\n<h2 class=\"wp-block-heading\">Estados<\/h2>\n\n\n\n<p>Conforme o boletim epidemiol\u00f3gico, um estado teve acr\u00e9scimo de casos na Semana Epidemiol\u00f3gica 13, enquanto seis ficaram est\u00e1veis e 20 tiveram redu\u00e7\u00e3o. O aumento ocorreu em Mato Grosso do Sul (11%). J\u00e1 as quedas mais intensas ocorreram em Paran\u00e1 (39%) e Goi\u00e1s (38%).<\/p>\n\n\n\n<p>Quando consideradas as mortes, o n\u00famero de estados com aumento das curvas foi 14, cinco ficaram est\u00e1veis e oito tiveram diminui\u00e7\u00e3o em rela\u00e7\u00e3o ao balan\u00e7o da semana anterior. Os aumentos mais representativos foram registrados no Rio de Janeiro (59%) e Minas Gerais (35%). As maiores quedas aconteceram no Amazonas (26%) e Rio Grande do Norte (24%).<\/p>\n\n\n\n<h2 class=\"wp-block-heading\">Mundo<\/h2>\n\n\n\n<p>O Brasil se consolidou como pa\u00eds com mais novas mortes e aumentou sua diferen\u00e7a para o segundo colocado, os Estados Unidos (5.832). Os n\u00fameros daqui foram mais do que o triplo das vidas perdidas nos EUA. Em seguida v\u00eam \u00cdndia (3.071), It\u00e1lia (3.068) e Pol\u00f4nia (2.984).&nbsp;<\/p>\n\n\n\n<p>Enquanto a curva no Brasil sobe de forma intensa, a curva de mortes nos EUA vem fazendo movimento inverso. Quando considerados n\u00fameros absolutos, o Brasil segue na segunda posi\u00e7\u00e3o, atr\u00e1s dos Estados Unidos (554.779).<\/p>\n\n\n\n<figure class=\"wp-block-image\"><img decoding=\"async\" src=\"https:\/\/imagens.ebc.com.br\/y1HhTQcgna--OMQhYeiS2TELzdw=\/754x0\/smart\/https:\/\/agenciabrasil.ebc.com.br\/sites\/default\/files\/thumbnails\/image\/grafico_covid_2_pag_6.png?itok=-wFZOygB\" alt=\"Evolu\u00e7\u00e3o do n\u00famero de novos \u00f3bitos confirmados de covid-19 por semana epidemiol\u00f3gica, segundo pa\u00edses com maior n\u00famero de \u00f3bitos.\" title=\"Divulga\u00e7\u00e3o\/Minist\u00e9rio da Sa\u00fade\"\/><\/figure>\n\n\n\n<h6 class=\"wp-block-heading\">Evolu\u00e7\u00e3o do n\u00famero de novos \u00f3bitos confirmados de covid-19 por semana epidemiol\u00f3gica, segundo pa\u00edses com maior n\u00famero de \u00f3bitos. &#8211;&nbsp;<strong>Divulga\u00e7\u00e3o\/Minist\u00e9rio da Sa\u00fade<\/strong><\/h6>\n\n\n\n<p>O Brasil deixou de ser o pa\u00eds com mais novos casos, lideran\u00e7a que foi ocupada pela \u00cdndia (513.885). Em seguida v\u00eam Estados Unidos (452.394), Turquia (265.937) e Fran\u00e7a (233.381). Na compara\u00e7\u00e3o em n\u00fameros absolutos, o Brasil fica na segunda posi\u00e7\u00e3o, atr\u00e1s dos EUA (30,6 milh\u00f5es).<\/p>\n\n\n\n<p>Edi\u00e7\u00e3o: Fernando Fraga<\/p>\n","protected":false},"excerpt":{"rendered":"<p>Novos casos confirmados tiveram uma queda de 14% Por Jonas Valente \u2013 Rep\u00f3rter Ag\u00eancia Brasil<\/p>\n","protected":false},"author":2,"featured_media":12698,"comment_status":"open","ping_status":"open","sticky":false,"template":"","format":"standard","meta":{"footnotes":""},"categories":[17],"tags":[],"class_list":["post-12697","post","type-post","status-publish","format-standard","has-post-thumbnail","hentry","category-outras-noticias"],"_links":{"self":[{"href":"https:\/\/tvc16.com\/portal\/wp-json\/wp\/v2\/posts\/12697","targetHints":{"allow":["GET"]}}],"collection":[{"href":"https:\/\/tvc16.com\/portal\/wp-json\/wp\/v2\/posts"}],"about":[{"href":"https:\/\/tvc16.com\/portal\/wp-json\/wp\/v2\/types\/post"}],"author":[{"embeddable":true,"href":"https:\/\/tvc16.com\/portal\/wp-json\/wp\/v2\/users\/2"}],"replies":[{"embeddable":true,"href":"https:\/\/tvc16.com\/portal\/wp-json\/wp\/v2\/comments?post=12697"}],"version-history":[{"count":1,"href":"https:\/\/tvc16.com\/portal\/wp-json\/wp\/v2\/posts\/12697\/revisions"}],"predecessor-version":[{"id":12699,"href":"https:\/\/tvc16.com\/portal\/wp-json\/wp\/v2\/posts\/12697\/revisions\/12699"}],"wp:featuredmedia":[{"embeddable":true,"href":"https:\/\/tvc16.com\/portal\/wp-json\/wp\/v2\/media\/12698"}],"wp:attachment":[{"href":"https:\/\/tvc16.com\/portal\/wp-json\/wp\/v2\/media?parent=12697"}],"wp:term":[{"taxonomy":"category","embeddable":true,"href":"https:\/\/tvc16.com\/portal\/wp-json\/wp\/v2\/categories?post=12697"},{"taxonomy":"post_tag","embeddable":true,"href":"https:\/\/tvc16.com\/portal\/wp-json\/wp\/v2\/tags?post=12697"}],"curies":[{"name":"wp","href":"https:\/\/api.w.org\/{rel}","templated":true}]}}