{"id":12700,"date":"2021-04-09T18:06:20","date_gmt":"2021-04-09T21:06:20","guid":{"rendered":"https:\/\/tvc16.com\/portal\/?p=12700"},"modified":"2021-04-09T18:06:22","modified_gmt":"2021-04-09T21:06:22","slug":"fiocruz-preve-entrega-de-vacinas-com-insumo-nacional-em-setembro","status":"publish","type":"post","link":"https:\/\/tvc16.com\/portal\/2021\/04\/09\/fiocruz-preve-entrega-de-vacinas-com-insumo-nacional-em-setembro\/","title":{"rendered":"Fiocruz prev\u00ea entrega de vacinas com insumo nacional em setembro"},"content":{"rendered":"\n<h3 class=\"wp-block-heading\">A previs\u00e3o \u00e9 do diretor da Bio-Manguinhos, Maur\u00edcio Zuma<\/h3>\n\n\n\n<h4 class=\"wp-block-heading\">Por Vladimir Platonow &#8211; Rep\u00f3rter da Ag\u00eancia Brasil &#8211; Rio de Janeiro<\/h4>\n\n\n\n<p>As primeiras doses de vacinas produzidas com Ingrediente Farmac\u00eautico Ativo (IFA) nacional, fabricado pela Funda\u00e7\u00e3o Oswaldo Cruz (Fiocruz), devem ser&nbsp;entregues ao Minist\u00e9rio da Sa\u00fade a partir de setembro. A previs\u00e3o \u00e9 do diretor de&nbsp;Bio-Manguinhos, Maur\u00edcio Zuma. Ele participou, juntamente com o ministro da Sa\u00fade, Marcelo Queiroga, da assinatura de um memorando cient\u00edfico e tecnol\u00f3gico entre a Universidade Federal de S\u00e3o Paulo (Unifesp) e a Fiocruz, na sede da entidade, no Rio.<img decoding=\"async\" src=\"https:\/\/agenciabrasil.ebc.com.br\/ebc.png?id=1406410&amp;o=node\"><img decoding=\"async\" src=\"https:\/\/agenciabrasil.ebc.com.br\/ebc.gif?id=1406410&amp;o=node\"><\/p>\n\n\n\n<p>\u201cA produ\u00e7\u00e3o de um lote demora pelo menos 45 dias. Depois tem todo o processo de controle de qualidade e caracteriza\u00e7\u00e3o. N\u00f3s vamos ter que produzir alguns lotes, para que tenha valida\u00e7\u00e3o. A gente acredita que setembro e outubro a gente possa receber&nbsp;essa autoriza\u00e7\u00e3o da Anvisa e&nbsp; poder liberar doses para o Minist\u00e9rio da Sa\u00fade\u201d, disse Zuma.<\/p>\n\n\n\n<p>Segundo ele, o prazo \u00e9 longo porque h\u00e1 um processo obrigat\u00f3rio a ser seguido que inclui adequa\u00e7\u00f5es nas instala\u00e7\u00f5es de Bio-Manguinhos. \u201cPara que a Anvisa possa vir, na \u00faltima semana de abril, nos conceder as condi\u00e7\u00f5es t\u00e9cnico-operacionais. S\u00f3 a\u00ed \u00e9 que n\u00f3s poderemos manipular agentes biol\u00f3gicos nessa \u00e1rea. A nossa expectativa \u00e9 que maio ou junho a gente j\u00e1 esteja come\u00e7ando a produ\u00e7\u00e3o do IFA nacional. Isto \u00e9 um processo, leva um tempo\u201d.<\/p>\n\n\n\n<h2 class=\"wp-block-heading\">Brasil<\/h2>\n\n\n\n<p>O ministro Queiroga lembrou que a produ\u00e7\u00e3o de vacinas no Brasil est\u00e1 aumentando e que o pa\u00eds j\u00e1 \u00e9 um dos que mais imunizam a popula\u00e7\u00e3o contra a covid-19 em todo o mundo.<\/p>\n\n\n\n<figure class=\"wp-block-image\"><img decoding=\"async\" src=\"https:\/\/imagens.ebc.com.br\/HqO9mjoIoB6UAuaC15YY1QonadM=\/754x0\/smart\/https:\/\/agenciabrasil.ebc.com.br\/sites\/default\/files\/thumbnails\/image\/fiocruz_090420212779.jpg?itok=kxs_xlCZ\" alt=\"A presidente da Funda\u00e7\u00e3o Oswaldo Cruz (Fiocruz) N\u00edsia Trindade, fala \u00e0 imprensa, ap\u00f3s visita \u00e0s instala\u00e7\u00f5es de produ\u00e7\u00e3o da vacina da Fiocruz\/ Oxford \/AstraZeneca, no Rio de Janeiro.\" title=\"T\u00e2nia R\u00eago \/Ag\u00eancia Brasil\"\/><\/figure>\n\n\n\n<h6 class=\"wp-block-heading\">A presidente da Funda\u00e7\u00e3o Oswaldo Cruz (Fiocruz) N\u00edsia Trindade, fala \u00e0 imprensa, ap\u00f3s visita \u00e0s instala\u00e7\u00f5es de produ\u00e7\u00e3o da vacina da Fiocruz\/ Oxford \/AstraZeneca, no Rio de Janeiro. &#8211;&nbsp;<strong>T\u00e2nia R\u00eago \/Ag\u00eancia Brasil<\/strong><\/h6>\n\n\n\n<p>\u201cN\u00f3s teremos, s\u00f3 em agosto, mais de 30 milh\u00f5es de doses produzidas na Fiocruz e no Butantan. [Sendo] 18 milh\u00f5es de doses com IFA importado da China. Isso j\u00e1 \u00e9 um grande avan\u00e7o. O Brasil \u00e9 o quinto pa\u00eds que mais vacina, com o maior n\u00famero de doses aplicadas. \u00c9 uma conquista das nossas duas institui\u00e7\u00f5es, Fiocruz e Butantan. Isso assegura o cumprimento da meta de 1 milh\u00e3o de vacinados por dia. E vamos ampliar. Com a autonomia na produ\u00e7\u00e3o do IFA, vamos ter mais vacinas ainda na Fiocruz e outras vacinas, que temos acordos internacionais, que v\u00e3o se juntar ao nosso programa\u201d disse Queiroga.<\/p>\n\n\n\n<p>Perguntado sobre a inten\u00e7\u00e3o de empresas em importar vacinas para imunizar seus empregados e familiares, o ministro disse que se tratava de legisla\u00e7\u00e3o aprovada no Congresso, que deve ser cumprida por todos os cidad\u00e3os.<\/p>\n\n\n\n<p>\u201cComo ministro da Sa\u00fade, compete a mim gerir o Programa Nacional de Imuniza\u00e7\u00f5es. Desde que haja vacinas suficientes, n\u00f3s temos condi\u00e7\u00f5es de imunizar toda a sociedade brasileira. Mas vivemos num regime democr\u00e1tico. O Congresso aprovou uma lei. Todos n\u00f3s temos que nos submeter ao regime da lei. Se o Congresso aprovou uma lei e ela foi sancionada, todos n\u00f3s temos que cumprir\u201d, disse Queiroga.<\/p>\n\n\n\n<h2 class=\"wp-block-heading\">Conv\u00eanio<\/h2>\n\n\n\n<p>Tamb\u00e9m participaram da assinatura de conv\u00eanio a reitora da Unifesp, Soraya Soubhi Smaili, e a presidente da Fiocruz, N\u00edsia Trindade Lima. A duas institui\u00e7\u00f5es t\u00eam grande destaque em pesquisas e na produ\u00e7\u00e3o cient\u00edfica nas \u00e1reas m\u00e9dica, biom\u00e9dica, farmac\u00eautica e de sa\u00fade coletiva, formam recursos humanos para o Sistema \u00danico de Sa\u00fade e atuam em \u00e1reas como ensino t\u00e9cnico e de p\u00f3s-gradua\u00e7\u00e3o em sa\u00fade.<\/p>\n\n\n\n<p>Ambas mant\u00eam um complexo de sa\u00fade constitu\u00eddo por hospitais, disp\u00f5em de uma rede de assist\u00eancia, pesquisa cl\u00ednica, observat\u00f3rios de monitoramento epidemiol\u00f3gico e laborat\u00f3rios, al\u00e9m de&nbsp; investirem em programas de inova\u00e7\u00e3o. Outras informa\u00e7\u00f5es sobre o conv\u00eanio podem ser obtidas na p\u00e1gina da&nbsp;<a href=\"https:\/\/portal.fiocruz.br\/noticia\/fiocruz-recebe-ministro-da-saude-e-firma-parceria-com-unifesp\" target=\"_blank\" rel=\"noreferrer noopener\">Fiocruz<\/a>&nbsp;na internet.<\/p>\n\n\n\n<figure class=\"wp-block-image\"><img decoding=\"async\" src=\"https:\/\/imagens.ebc.com.br\/bKtWE3W6U7_TBetcNv5OoJRt7E4=\/754x0\/smart\/https:\/\/agenciabrasil.ebc.com.br\/sites\/default\/files\/thumbnails\/image\/fiocruz_090420212776.jpg?itok=V9FS3f5_\" alt=\"O diretor do Instituto de Biotecnologia em Imunobiol\u00f3gicos (Bio-Manguinhos), Maur\u00edcio Zuma,fala \u00e0 imprensa, ap\u00f3s visita \u00e0s instala\u00e7\u00f5es de produ\u00e7\u00e3o da vacina da Fiocruz\/ Oxford \/AstraZeneca, no Rio de Janeiro.\" title=\"T\u00e2nia R\u00eago \/Ag\u00eancia Brasil\"\/><\/figure>\n\n\n\n<h6 class=\"wp-block-heading\">O diretor do Instituto de Biotecnologia em Imunobiol\u00f3gicos (Bio-Manguinhos), Maur\u00edcio Zuma,fala \u00e0 imprensa, ap\u00f3s visita \u00e0s instala\u00e7\u00f5es de produ\u00e7\u00e3o da vacina da Fiocruz\/ Oxford \/AstraZeneca, no Rio de Janeiro. &#8211;&nbsp;<strong>T\u00e2nia R\u00eago \/Ag\u00eancia Brasil<\/strong><\/h6>\n\n\n\n<p>Edi\u00e7\u00e3o: Val\u00e9ria Aguiar<\/p>\n","protected":false},"excerpt":{"rendered":"<p>A previs\u00e3o \u00e9 do diretor da Bio-Manguinhos, Maur\u00edcio Zuma Por Vladimir Platonow &#8211; Rep\u00f3rter da<\/p>\n","protected":false},"author":2,"featured_media":12701,"comment_status":"open","ping_status":"open","sticky":false,"template":"","format":"standard","meta":{"footnotes":""},"categories":[17],"tags":[],"class_list":["post-12700","post","type-post","status-publish","format-standard","has-post-thumbnail","hentry","category-outras-noticias"],"_links":{"self":[{"href":"https:\/\/tvc16.com\/portal\/wp-json\/wp\/v2\/posts\/12700","targetHints":{"allow":["GET"]}}],"collection":[{"href":"https:\/\/tvc16.com\/portal\/wp-json\/wp\/v2\/posts"}],"about":[{"href":"https:\/\/tvc16.com\/portal\/wp-json\/wp\/v2\/types\/post"}],"author":[{"embeddable":true,"href":"https:\/\/tvc16.com\/portal\/wp-json\/wp\/v2\/users\/2"}],"replies":[{"embeddable":true,"href":"https:\/\/tvc16.com\/portal\/wp-json\/wp\/v2\/comments?post=12700"}],"version-history":[{"count":1,"href":"https:\/\/tvc16.com\/portal\/wp-json\/wp\/v2\/posts\/12700\/revisions"}],"predecessor-version":[{"id":12702,"href":"https:\/\/tvc16.com\/portal\/wp-json\/wp\/v2\/posts\/12700\/revisions\/12702"}],"wp:featuredmedia":[{"embeddable":true,"href":"https:\/\/tvc16.com\/portal\/wp-json\/wp\/v2\/media\/12701"}],"wp:attachment":[{"href":"https:\/\/tvc16.com\/portal\/wp-json\/wp\/v2\/media?parent=12700"}],"wp:term":[{"taxonomy":"category","embeddable":true,"href":"https:\/\/tvc16.com\/portal\/wp-json\/wp\/v2\/categories?post=12700"},{"taxonomy":"post_tag","embeddable":true,"href":"https:\/\/tvc16.com\/portal\/wp-json\/wp\/v2\/tags?post=12700"}],"curies":[{"name":"wp","href":"https:\/\/api.w.org\/{rel}","templated":true}]}}