{"id":12703,"date":"2021-04-09T18:07:07","date_gmt":"2021-04-09T21:07:07","guid":{"rendered":"https:\/\/tvc16.com\/portal\/?p=12703"},"modified":"2021-04-09T18:07:09","modified_gmt":"2021-04-09T21:07:09","slug":"mais-de-760-cidades-tem-fila-de-pessoas-com-covid-19-a-espera-de-utis","status":"publish","type":"post","link":"https:\/\/tvc16.com\/portal\/2021\/04\/09\/mais-de-760-cidades-tem-fila-de-pessoas-com-covid-19-a-espera-de-utis\/","title":{"rendered":"Mais de 760 cidades t\u00eam fila de pessoas com covid-19 \u00e0 espera de UTIs"},"content":{"rendered":"\n<h3 class=\"wp-block-heading\">N\u00famero corresponde a 25% dos munic\u00edpios consultados<\/h3>\n\n\n\n<h4 class=\"wp-block-heading\">Por Jonas Valente \u2013 Rep\u00f3rter Ag\u00eancia Brasil &#8211; Bras\u00edlia<\/h4>\n\n\n\n<p>Levantamento da Confedera\u00e7\u00e3o Nacional de Munic\u00edpios (CNM) aponta que 768 cidades brasileiras t\u00eam pessoas com covid-19 em estado grave esperando por um leito de Unidade de Terapia Intensiva (UTI).&nbsp; O n\u00famero equivale&nbsp;&nbsp;a 24,2% das 3,1 mil prefeituras que responderam o estudo, ou, ainda, uma em cada quatro cidades brasileiras consultadas.<img decoding=\"async\" src=\"https:\/\/agenciabrasil.ebc.com.br\/ebc.png?id=1406411&amp;o=node\"><img decoding=\"async\" src=\"https:\/\/agenciabrasil.ebc.com.br\/ebc.gif?id=1406411&amp;o=node\"><\/p>\n\n\n\n<p>Entre os ouvidos, 2.350 contaram n\u00e3o ter filas de espera de pacientes infectados pelo novo coronav\u00edrus esperando por um leito de UTI. H\u00e1 ainda 51 munic\u00edpios que n\u00e3o responderam a essa quest\u00e3o, o correspondente a 1,6%.<\/p>\n\n\n\n<p>As informa\u00e7\u00f5es s\u00e3o da nova edi\u00e7\u00e3o do&nbsp;<a href=\"https:\/\/www.cnm.org.br\/cms\/biblioteca\/09042021_Pesquisa_Covid-19_Ed_03.pdf\" target=\"_blank\" rel=\"noreferrer noopener\">Observat\u00f3rio Covid-19<\/a>&nbsp;da CNM. O levantamento ouviu mais de 50% dos munic\u00edpios de todo o pa\u00eds.<\/p>\n\n\n\n<h2 class=\"wp-block-heading\">Kit intuba\u00e7\u00e3o<\/h2>\n\n\n\n<p>Segundo a pesquisa, 1.207 munic\u00edpios relataram o risco de desabastecimento de medicamentos usados para intubar pacientes que evolu\u00edram para condi\u00e7\u00f5es graves em fun\u00e7\u00e3o da covid-19, o chamado \u201ckit intuba\u00e7\u00e3o\u201d. O n\u00famero equivale a 38,1% das autoridades locais entrevistadas. Al\u00e9m disso, 7% n\u00e3o responderam e outros 54,9% n\u00e3o relataram o problema.<\/p>\n\n\n\n<h2 class=\"wp-block-heading\">Oxig\u00eanio<\/h2>\n\n\n\n<p>O risco de faltar oxig\u00eanio foi apontado por 589 prefeituras, o equivalente a 18,7%. Na compara\u00e7\u00e3o com a semana anterior, quando o \u00edndice foi de 23,4%, houve queda no risco de desabastecimento.<\/p>\n\n\n\n<p>Entre as prefeituras consultadas, 107 n\u00e3o responderam sobre este tema (3,4%), e outras 2.473 afirmaram n\u00e3o estar passando por essa situa\u00e7\u00e3o (78%).<\/p>\n\n\n\n<h2 class=\"wp-block-heading\">Vacinas<\/h2>\n\n\n\n<p>De acordo com o levantamento, 3.059 cidades ouvidas relataram ter recebido vacinas. O n\u00famero compreende 96,2% da amostra investigada pela equipe da Confedera\u00e7\u00e3o Nacional dos Munic\u00edpios.<\/p>\n\n\n\n<p>Entre os participantes do estudo, 1.139 responderam ter recebido vacinas pelo menos uma vez na \u00faltima semana, o correspondente a 37,4%. Outros 1.788 munic\u00edpios receberam imunizantes pelo menos duas vezes na semana anterior, o que representa 58,6% da amostra investigada.<\/p>\n\n\n\n<h2 class=\"wp-block-heading\">Medidas de restri\u00e7\u00e3o<\/h2>\n\n\n\n<p>O estudo da CNM avaliou tamb\u00e9m a implanta\u00e7\u00e3o de medidas de distanciamento para combater a circula\u00e7\u00e3o do v\u00edrus. Entre os ouvidos, 819 disseram ter implementado o fechamento de atividades n\u00e3o essenciais, o equivalente a 25,8%. H\u00e1 ainda 2.308 prefeituras que n\u00e3o optaram pelo lockdown (72,8%).<\/p>\n\n\n\n<p>J\u00e1 o toque de recolher foi implantado por 2.379 cidades (75,1). Em 764 munic\u00edpios (24,1%), a medida n\u00e3o foi adotada.<\/p>\n\n\n\n<p>A restri\u00e7\u00e3o de atividades aos finais de semana foi colocada em pr\u00e1tica por 2.531 prefeituras (79,9%). Outros 596 munic\u00edpios n\u00e3o fizeram uso deste recurso (18,8%).<\/p>\n\n\n\n<h2 class=\"wp-block-heading\">Aulas<\/h2>\n\n\n\n<p>A paralisa\u00e7\u00e3o das aulas presenciais ocorreu em 2.761 cidades, 87,1% das prefeituras consultadas. Em 378 munic\u00edpios, n\u00e3o houve suspens\u00e3o das atividades educacionais, o equivalente a 11,9% dos participantes do levantamento.<\/p>\n\n\n\n<p>Edi\u00e7\u00e3o: L\u00edlian Beraldo<\/p>\n","protected":false},"excerpt":{"rendered":"<p>N\u00famero corresponde a 25% dos munic\u00edpios consultados Por Jonas Valente \u2013 Rep\u00f3rter Ag\u00eancia Brasil &#8211;<\/p>\n","protected":false},"author":2,"featured_media":12704,"comment_status":"open","ping_status":"open","sticky":false,"template":"","format":"standard","meta":{"footnotes":""},"categories":[17],"tags":[],"class_list":["post-12703","post","type-post","status-publish","format-standard","has-post-thumbnail","hentry","category-outras-noticias"],"_links":{"self":[{"href":"https:\/\/tvc16.com\/portal\/wp-json\/wp\/v2\/posts\/12703","targetHints":{"allow":["GET"]}}],"collection":[{"href":"https:\/\/tvc16.com\/portal\/wp-json\/wp\/v2\/posts"}],"about":[{"href":"https:\/\/tvc16.com\/portal\/wp-json\/wp\/v2\/types\/post"}],"author":[{"embeddable":true,"href":"https:\/\/tvc16.com\/portal\/wp-json\/wp\/v2\/users\/2"}],"replies":[{"embeddable":true,"href":"https:\/\/tvc16.com\/portal\/wp-json\/wp\/v2\/comments?post=12703"}],"version-history":[{"count":1,"href":"https:\/\/tvc16.com\/portal\/wp-json\/wp\/v2\/posts\/12703\/revisions"}],"predecessor-version":[{"id":12705,"href":"https:\/\/tvc16.com\/portal\/wp-json\/wp\/v2\/posts\/12703\/revisions\/12705"}],"wp:featuredmedia":[{"embeddable":true,"href":"https:\/\/tvc16.com\/portal\/wp-json\/wp\/v2\/media\/12704"}],"wp:attachment":[{"href":"https:\/\/tvc16.com\/portal\/wp-json\/wp\/v2\/media?parent=12703"}],"wp:term":[{"taxonomy":"category","embeddable":true,"href":"https:\/\/tvc16.com\/portal\/wp-json\/wp\/v2\/categories?post=12703"},{"taxonomy":"post_tag","embeddable":true,"href":"https:\/\/tvc16.com\/portal\/wp-json\/wp\/v2\/tags?post=12703"}],"curies":[{"name":"wp","href":"https:\/\/api.w.org\/{rel}","templated":true}]}}