{"id":12706,"date":"2021-04-09T18:07:51","date_gmt":"2021-04-09T21:07:51","guid":{"rendered":"https:\/\/tvc16.com\/portal\/?p=12706"},"modified":"2021-04-09T18:07:53","modified_gmt":"2021-04-09T21:07:53","slug":"fase-vermelha-aulas-presenciais-na-rede-estadual-de-sp-voltam-dia-14","status":"publish","type":"post","link":"https:\/\/tvc16.com\/portal\/2021\/04\/09\/fase-vermelha-aulas-presenciais-na-rede-estadual-de-sp-voltam-dia-14\/","title":{"rendered":"Fase Vermelha: aulas presenciais na rede estadual de SP voltam dia 14"},"content":{"rendered":"\n<h3 class=\"wp-block-heading\">Estado sai no pr\u00f3ximo domingo da Fase Emergencial para a Vermelha<\/h3>\n\n\n\n<ul class=\"wp-block-list\"><li>Por Elaine Patricia Cruz \u2013 Rep\u00f3rter da Ag\u00eancia Brasil &#8211; S\u00e3o Paulo<\/li><\/ul>\n\n\n\n<p>Com a sa\u00edda do estado de S\u00e3o Paulo da Fase Emergencial, que tem as&nbsp;maiores restri\u00e7\u00f5es para conter a dissemina\u00e7\u00e3o do novo coronav\u00edrus, para a&nbsp;Fase 1- Vermelha do Plano S\u00e3o Paulo, o retorno \u00e0s aulas presenciais ser\u00e1 permitido a partir da pr\u00f3xima semana. O an\u00fancio foi feito hoje (9) pelo governo paulista.<img decoding=\"async\" src=\"https:\/\/agenciabrasil.ebc.com.br\/ebc.png?id=1406415&amp;o=node\"><img decoding=\"async\" src=\"https:\/\/agenciabrasil.ebc.com.br\/ebc.gif?id=1406415&amp;o=node\"><\/p>\n\n\n\n<p>Na rede estadual, os alunos poder\u00e3o voltar \u00e0s escolas a partir de quarta-feira (14). Esse retorno, no entanto,&nbsp;<a href=\"https:\/\/agenciabrasil.ebc.com.br\/saude\/noticia\/2021-04\/sao-paulo-deixa-fase-emergencial-mas-seguira-na-fase-vermelha\" target=\"_blank\" rel=\"noreferrer noopener\">ser\u00e1 ainda gradual<\/a>&nbsp;e vai depender de autoriza\u00e7\u00e3o dos prefeitos. Na Fase Vermelha, as escolas poder\u00e3o receber at\u00e9 35% dos alunos matriculados. Esse limite \u00e9 estabelecido tamb\u00e9m para as escolas municipais e privadas.<\/p>\n\n\n\n<p>As aulas presenciais est\u00e3o suspensas no estado de S\u00e3o Paulo desde o dia 15 de mar\u00e7o, quando S\u00e3o Paulo entrou na Fase Emergencial, a mais restritiva&nbsp;para tentar conter a transmiss\u00e3o do novo coronav\u00edrus. Hoje (14), o governo paulista anunciou o fim da Fase Emergencial no domingo (11) e in\u00edcio da Fase 1- Vermelha a partir de segunda-feira (12), onde somente servi\u00e7os considerados essenciais poder\u00e3o funcionar. A educa\u00e7\u00e3o b\u00e1sica \u00e9 considerada atividade essencial no estado de S\u00e3o Paulo, por isso pode&nbsp;ser mantida de forma presencial.<\/p>\n\n\n\n<p>Os&nbsp;professores retornam ao trabalho presencial na pr\u00f3xima segunda-feira. A recomenda\u00e7\u00e3o do governo \u00e9 para que as escolas aproveitem a segunda-feira&nbsp;e ter\u00e7a-feira&nbsp;para organizarem o calend\u00e1rio escolar e comunicar e orientar as fam\u00edlias sobre o retorno das atividades.&nbsp;<\/p>\n\n\n\n<p>A prioridade de atendimento \u00e9 para os alunos mais vulner\u00e1veis, ou seja, os alunos que t\u00eam necessidade de se alimentar na escola; os que possuem dificuldades de acesso \u00e0 tecnologia e aqueles com a sa\u00fade mental em risco ou severa defasagem de aprendizagem.&nbsp;<\/p>\n\n\n\n<p>A frequ\u00eancia presencial n\u00e3o vai ser obrigat\u00f3ria nessa fase e o ensino remoto ser\u00e1 mantido, com aulas transmitidas diariamente pelo Centro de M\u00eddias.<\/p>\n\n\n\n<p>Edi\u00e7\u00e3o: Aline Leal<\/p>\n","protected":false},"excerpt":{"rendered":"<p>Estado sai no pr\u00f3ximo domingo da Fase Emergencial para a Vermelha Por Elaine Patricia Cruz<\/p>\n","protected":false},"author":2,"featured_media":12707,"comment_status":"open","ping_status":"open","sticky":false,"template":"","format":"standard","meta":{"footnotes":""},"categories":[17],"tags":[],"class_list":["post-12706","post","type-post","status-publish","format-standard","has-post-thumbnail","hentry","category-outras-noticias"],"_links":{"self":[{"href":"https:\/\/tvc16.com\/portal\/wp-json\/wp\/v2\/posts\/12706","targetHints":{"allow":["GET"]}}],"collection":[{"href":"https:\/\/tvc16.com\/portal\/wp-json\/wp\/v2\/posts"}],"about":[{"href":"https:\/\/tvc16.com\/portal\/wp-json\/wp\/v2\/types\/post"}],"author":[{"embeddable":true,"href":"https:\/\/tvc16.com\/portal\/wp-json\/wp\/v2\/users\/2"}],"replies":[{"embeddable":true,"href":"https:\/\/tvc16.com\/portal\/wp-json\/wp\/v2\/comments?post=12706"}],"version-history":[{"count":1,"href":"https:\/\/tvc16.com\/portal\/wp-json\/wp\/v2\/posts\/12706\/revisions"}],"predecessor-version":[{"id":12708,"href":"https:\/\/tvc16.com\/portal\/wp-json\/wp\/v2\/posts\/12706\/revisions\/12708"}],"wp:featuredmedia":[{"embeddable":true,"href":"https:\/\/tvc16.com\/portal\/wp-json\/wp\/v2\/media\/12707"}],"wp:attachment":[{"href":"https:\/\/tvc16.com\/portal\/wp-json\/wp\/v2\/media?parent=12706"}],"wp:term":[{"taxonomy":"category","embeddable":true,"href":"https:\/\/tvc16.com\/portal\/wp-json\/wp\/v2\/categories?post=12706"},{"taxonomy":"post_tag","embeddable":true,"href":"https:\/\/tvc16.com\/portal\/wp-json\/wp\/v2\/tags?post=12706"}],"curies":[{"name":"wp","href":"https:\/\/api.w.org\/{rel}","templated":true}]}}