{"id":12709,"date":"2021-04-09T18:08:44","date_gmt":"2021-04-09T21:08:44","guid":{"rendered":"https:\/\/tvc16.com\/portal\/?p=12709"},"modified":"2021-04-09T18:08:46","modified_gmt":"2021-04-09T21:08:46","slug":"associacoes-medicas-lancam-protocolo-para-triagem-de-pacientes-de-uti","status":"publish","type":"post","link":"https:\/\/tvc16.com\/portal\/2021\/04\/09\/associacoes-medicas-lancam-protocolo-para-triagem-de-pacientes-de-uti\/","title":{"rendered":"Associa\u00e7\u00f5es m\u00e9dicas lan\u00e7am protocolo para triagem de pacientes de UTI"},"content":{"rendered":"\n<h3 class=\"wp-block-heading\">Objetivo \u00e9 reduzir o maior n\u00famero de mortes poss\u00edvel, diz AMB<\/h3>\n\n\n\n<h4 class=\"wp-block-heading\">Por Daniel Mello &#8211; Rep\u00f3rter da Ag\u00eancia Brasil &#8211; S\u00e3o Paulo<\/h4>\n\n\n\n<p>A Associa\u00e7\u00e3o M\u00e9dica Brasileira (AMB) lan\u00e7ou hoje (9), junto com outras entidades que representam profissionais de diversas especialidades, um protocolo de recomenda\u00e7\u00f5es para triagem de pacientes em cen\u00e1rio de crise em unidades de terapia intensiva (UTIs). S\u00e3o crit\u00e9rios para que os m\u00e9dicos possam definir da melhor forma poss\u00edvel como usar os recursos cada fez mais escassos na pandemia de covid-19 para tratar pacientes em estado cr\u00edtico.<img decoding=\"async\" src=\"https:\/\/agenciabrasil.ebc.com.br\/ebc.png?id=1406342&amp;o=node\"><img decoding=\"async\" src=\"https:\/\/agenciabrasil.ebc.com.br\/ebc.gif?id=1406342&amp;o=node\"><\/p>\n\n\n\n<p>O presidente da AMB, C\u00e9sar Fernandes, disse que o principal objetivo \u00e9 sempre \u201creduzir o maior n\u00famero de mortes poss\u00edvel\u201d. O documento enfatiza que foi feita uma sistematiza\u00e7\u00e3o para estabelecer crit\u00e9rios \u00e9ticos, t\u00e9cnicos e transparentes para os profissionais poderem decidir como usar os recursos em um cen\u00e1rio em&nbsp;que faltam leitos em UTI.<\/p>\n\n\n\n<h2 class=\"wp-block-heading\">Crit\u00e9rios<\/h2>\n\n\n\n<p>Uma das respons\u00e1veis por elaborar os protocolos, a m\u00e9dica intensivista Lara Kretzer, explicou que entre os crit\u00e9rios para decidir entre os pacientes que v\u00e3o receber o tratamento intensivo&nbsp;est\u00e1 a possibilidade de recupera\u00e7\u00e3o. Ou seja, aquele paciente que tiver mais chances de sobreviver \u00e0 doen\u00e7a e aos m\u00e9todos de tratamento ter\u00e1 prioridade. \u00c9 levada&nbsp;em considera\u00e7\u00e3o tamb\u00e9m a gravidade dos quadros de sa\u00fade e doen\u00e7as em est\u00e1gio avan\u00e7ado que possam reduzir as possibilidades de sobreviv\u00eancia. A idade n\u00e3o faz parte dos crit\u00e9rios de decis\u00e3o.<\/p>\n\n\n\n<p>Os pacientes que n\u00e3o tiverem prioridade em casos onde h\u00e1 falta de recursos, segundo os protocolos, devem continuar a receber os tratamentos dispon\u00edveis, inclusive aqueles que tragam conforto caso a morte seja inevit\u00e1vel.<\/p>\n\n\n\n<p>As decis\u00f5es devem, de acordo com as recomenda\u00e7\u00f5es, serem anotadas nos prontu\u00e1rios de forma transparente.<\/p>\n\n\n\n<p>O documento foi elaborado n\u00e3o s\u00f3 a partir das bases cient\u00edficas sobre o tema, como tamb\u00e9m apresenta o embasamento legal dispon\u00edvel sobre o assunto.<\/p>\n\n\n\n<p>O presidente da AMB destacou que as recomenda\u00e7\u00f5es n\u00e3o s\u00e3o de ado\u00e7\u00e3o obrigat\u00f3ria, mas pretendem ajudar e salvaguardar os m\u00e9dicos que precisarem tomar essas decis\u00f5es. \u201cVai haver um acolhimento quase universal dos servi\u00e7os de terapia intensiva\u201d, disse Fernandes.<\/p>\n\n\n\n<p>As recomenda\u00e7\u00f5es vem em um per\u00edodo visto como cr\u00edtico pelas entidades. \u201cAtingimos um patamar em que o atendimento \u00e0 popula\u00e7\u00e3o n\u00e3o \u00e9 adequado, digno e n\u00e3o chega a todos, como a gente v\u00ea nessas filas\u201d, ressaltou a presidente da Associa\u00e7\u00e3o de Medicina Intensiva Brasileira, Suzana Lobo.<\/p>\n\n\n\n<p>Tamb\u00e9m assinam as recomenda\u00e7\u00f5es a Associa\u00e7\u00e3o Brasileira de Medicina de Emerg\u00eancia; a Sociedade Brasileira de Geriatria e Gerontologia e a Academia Nacional de Cuidados Paliativos.<\/p>\n\n\n\n<p>Edi\u00e7\u00e3o: Val\u00e9ria Aguiar<\/p>\n","protected":false},"excerpt":{"rendered":"<p>Objetivo \u00e9 reduzir o maior n\u00famero de mortes poss\u00edvel, diz AMB Por Daniel Mello &#8211;<\/p>\n","protected":false},"author":2,"featured_media":12710,"comment_status":"open","ping_status":"open","sticky":false,"template":"","format":"standard","meta":{"footnotes":""},"categories":[17],"tags":[],"class_list":["post-12709","post","type-post","status-publish","format-standard","has-post-thumbnail","hentry","category-outras-noticias"],"_links":{"self":[{"href":"https:\/\/tvc16.com\/portal\/wp-json\/wp\/v2\/posts\/12709","targetHints":{"allow":["GET"]}}],"collection":[{"href":"https:\/\/tvc16.com\/portal\/wp-json\/wp\/v2\/posts"}],"about":[{"href":"https:\/\/tvc16.com\/portal\/wp-json\/wp\/v2\/types\/post"}],"author":[{"embeddable":true,"href":"https:\/\/tvc16.com\/portal\/wp-json\/wp\/v2\/users\/2"}],"replies":[{"embeddable":true,"href":"https:\/\/tvc16.com\/portal\/wp-json\/wp\/v2\/comments?post=12709"}],"version-history":[{"count":1,"href":"https:\/\/tvc16.com\/portal\/wp-json\/wp\/v2\/posts\/12709\/revisions"}],"predecessor-version":[{"id":12711,"href":"https:\/\/tvc16.com\/portal\/wp-json\/wp\/v2\/posts\/12709\/revisions\/12711"}],"wp:featuredmedia":[{"embeddable":true,"href":"https:\/\/tvc16.com\/portal\/wp-json\/wp\/v2\/media\/12710"}],"wp:attachment":[{"href":"https:\/\/tvc16.com\/portal\/wp-json\/wp\/v2\/media?parent=12709"}],"wp:term":[{"taxonomy":"category","embeddable":true,"href":"https:\/\/tvc16.com\/portal\/wp-json\/wp\/v2\/categories?post=12709"},{"taxonomy":"post_tag","embeddable":true,"href":"https:\/\/tvc16.com\/portal\/wp-json\/wp\/v2\/tags?post=12709"}],"curies":[{"name":"wp","href":"https:\/\/api.w.org\/{rel}","templated":true}]}}