{"id":12712,"date":"2021-04-11T00:17:20","date_gmt":"2021-04-11T03:17:20","guid":{"rendered":"https:\/\/tvc16.com\/portal\/?p=12712"},"modified":"2021-04-11T00:17:23","modified_gmt":"2021-04-11T03:17:23","slug":"ocupacao-de-leitos-de-uti-e-de-84-48-em-petropolis-numero-de-obitos-por-covid-e-de-790","status":"publish","type":"post","link":"https:\/\/tvc16.com\/portal\/2021\/04\/11\/ocupacao-de-leitos-de-uti-e-de-84-48-em-petropolis-numero-de-obitos-por-covid-e-de-790\/","title":{"rendered":"Ocupa\u00e7\u00e3o de leitos de UTI \u00e9 de 84, 48% em Petr\u00f3polis. N\u00famero de \u00f3bitos por Covid \u00e9 de 790"},"content":{"rendered":"\n<p><\/p>\n\n\n\n<p>O boletim epidemiol\u00f3gico da Secretaria de Sa\u00fade deste s\u00e1bado (10) mostra que Petr\u00f3polis fez, at\u00e9 agora, 135.004 testes para Covid-19, com 26.646 resultados positivos e 103.997 negativos (levando em considera\u00e7\u00e3o testes r\u00e1pidos e Swab).<\/p>\n\n\n\n<p>Neste momento, 172 pessoas est\u00e3o internadas em leitos de UTI privados e pelo SUS. Outras 153 est\u00e3o em leitos cl\u00ednicos, considerando leitos privados e SUS, totalizando assim, 325 interna\u00e7\u00f5es em toda a rede da cidade. A ocupa\u00e7\u00e3o de leitos cl\u00ednicos pelo SUS \u00e9 de 76,38% e 84,48% em leitos de UTI.<\/p>\n\n\n\n<p>A Secretaria de Sa\u00fade esclarece que o n\u00famero de \u00f3bitos, hoje em 790, \u00e9 atualizado nos boletins apenas ap\u00f3s o registro do atestado de \u00f3bito e do resultado do exame do paciente no sistema da Vigil\u00e2ncia Epidemiol\u00f3gica, o que \u00e9 feito por equipe administrativa. Trata-se de medida de seguran\u00e7a para evitar erro na informa\u00e7\u00e3o divulgada pela Secretaria de Sa\u00fade.<\/p>\n","protected":false},"excerpt":{"rendered":"<p>O boletim epidemiol\u00f3gico da Secretaria de Sa\u00fade deste s\u00e1bado (10) mostra que Petr\u00f3polis fez, at\u00e9<\/p>\n","protected":false},"author":2,"featured_media":12307,"comment_status":"open","ping_status":"open","sticky":false,"template":"","format":"standard","meta":{"footnotes":""},"categories":[12],"tags":[],"class_list":["post-12712","post","type-post","status-publish","format-standard","has-post-thumbnail","hentry","category-cidade"],"_links":{"self":[{"href":"https:\/\/tvc16.com\/portal\/wp-json\/wp\/v2\/posts\/12712","targetHints":{"allow":["GET"]}}],"collection":[{"href":"https:\/\/tvc16.com\/portal\/wp-json\/wp\/v2\/posts"}],"about":[{"href":"https:\/\/tvc16.com\/portal\/wp-json\/wp\/v2\/types\/post"}],"author":[{"embeddable":true,"href":"https:\/\/tvc16.com\/portal\/wp-json\/wp\/v2\/users\/2"}],"replies":[{"embeddable":true,"href":"https:\/\/tvc16.com\/portal\/wp-json\/wp\/v2\/comments?post=12712"}],"version-history":[{"count":1,"href":"https:\/\/tvc16.com\/portal\/wp-json\/wp\/v2\/posts\/12712\/revisions"}],"predecessor-version":[{"id":12713,"href":"https:\/\/tvc16.com\/portal\/wp-json\/wp\/v2\/posts\/12712\/revisions\/12713"}],"wp:featuredmedia":[{"embeddable":true,"href":"https:\/\/tvc16.com\/portal\/wp-json\/wp\/v2\/media\/12307"}],"wp:attachment":[{"href":"https:\/\/tvc16.com\/portal\/wp-json\/wp\/v2\/media?parent=12712"}],"wp:term":[{"taxonomy":"category","embeddable":true,"href":"https:\/\/tvc16.com\/portal\/wp-json\/wp\/v2\/categories?post=12712"},{"taxonomy":"post_tag","embeddable":true,"href":"https:\/\/tvc16.com\/portal\/wp-json\/wp\/v2\/tags?post=12712"}],"curies":[{"name":"wp","href":"https:\/\/api.w.org\/{rel}","templated":true}]}}