{"id":12723,"date":"2021-04-11T18:26:21","date_gmt":"2021-04-11T21:26:21","guid":{"rendered":"https:\/\/tvc16.com\/portal\/?p=12723"},"modified":"2021-04-11T18:26:24","modified_gmt":"2021-04-11T21:26:24","slug":"campanha-de-vacinacao-contra-a-gripe-comeca-na-segunda-feira-12","status":"publish","type":"post","link":"https:\/\/tvc16.com\/portal\/2021\/04\/11\/campanha-de-vacinacao-contra-a-gripe-comeca-na-segunda-feira-12\/","title":{"rendered":"Campanha de vacina\u00e7\u00e3o contra a gripe come\u00e7a na segunda-feira (12)"},"content":{"rendered":"\n<p><\/p>\n\n\n\n<p>P\u00fablico estimado pelo Minist\u00e9rio da Sa\u00fade \u00e9 de 79,7 milh\u00f5es de pessoas. Vacina\u00e7\u00e3o ser\u00e1 organizada em tr\u00eas etapas de grupos priorit\u00e1rios<\/p>\n\n\n\n<p>O Minist\u00e9rio da Sa\u00fade e as secretarias estaduais e municipais de sa\u00fade come\u00e7am na segunda-feira (12) a campanha de vacina\u00e7\u00e3o contra a gripe. Al\u00e9m de evitar complica\u00e7\u00f5es causadas pelo v\u00edrus, a iniciativa tamb\u00e9m \u00e9 importante para evitar uma sobrecarga nos sistemas de sa\u00fade.<\/p>\n\n\n\n<p>O p\u00fablico estimado pelo minist\u00e9rio \u00e9 de 79,7 milh\u00f5es. Os grupos priorit\u00e1rios ser\u00e3o organizados para vacina\u00e7\u00e3o em tr\u00eas etapas e incluem gestantes, idosos acima de 60 anos, professores, entre outros. Os dias de mobiliza\u00e7\u00e3o, chamados de dias D, ser\u00e3o definidos em cada munic\u00edpio pela Secretaria de Sa\u00fade local.<\/p>\n\n\n\n<p>Em rela\u00e7\u00e3o \u00e0 vacina\u00e7\u00e3o contra o coronav\u00edrus, a recomenda\u00e7\u00e3o \u00e9 que ela n\u00e3o seja feita junto \u00e0 da gripe. O Minist\u00e9rio da Sa\u00fade orienta que os grupos priorit\u00e1rios procurem se vacinar primeiro contra a Covid-19. Especialistas recomendam uma diferen\u00e7a de pelo menos 14 dias entre as duas doses.<\/p>\n\n\n\n<p>Fonte: <a href=\"https:\/\/brasil61.com\/noticias\/campanha-de-vacinacao-contra-a-gripe-comeca-na-segunda-feira-12-bras214509?email=bethdeoliveira@yahoo.com.br&amp;utm_source=newsletter&amp;utm_medium=newsletter&amp;utm_campaign=newsletter\" target=\"_blank\" rel=\"noreferrer noopener\">Brasil 61<\/a><\/p>\n","protected":false},"excerpt":{"rendered":"<p>P\u00fablico estimado pelo Minist\u00e9rio da Sa\u00fade \u00e9 de 79,7 milh\u00f5es de pessoas. Vacina\u00e7\u00e3o ser\u00e1 organizada<\/p>\n","protected":false},"author":2,"featured_media":12724,"comment_status":"open","ping_status":"open","sticky":false,"template":"","format":"standard","meta":{"footnotes":""},"categories":[17],"tags":[],"class_list":["post-12723","post","type-post","status-publish","format-standard","has-post-thumbnail","hentry","category-outras-noticias"],"_links":{"self":[{"href":"https:\/\/tvc16.com\/portal\/wp-json\/wp\/v2\/posts\/12723","targetHints":{"allow":["GET"]}}],"collection":[{"href":"https:\/\/tvc16.com\/portal\/wp-json\/wp\/v2\/posts"}],"about":[{"href":"https:\/\/tvc16.com\/portal\/wp-json\/wp\/v2\/types\/post"}],"author":[{"embeddable":true,"href":"https:\/\/tvc16.com\/portal\/wp-json\/wp\/v2\/users\/2"}],"replies":[{"embeddable":true,"href":"https:\/\/tvc16.com\/portal\/wp-json\/wp\/v2\/comments?post=12723"}],"version-history":[{"count":1,"href":"https:\/\/tvc16.com\/portal\/wp-json\/wp\/v2\/posts\/12723\/revisions"}],"predecessor-version":[{"id":12725,"href":"https:\/\/tvc16.com\/portal\/wp-json\/wp\/v2\/posts\/12723\/revisions\/12725"}],"wp:featuredmedia":[{"embeddable":true,"href":"https:\/\/tvc16.com\/portal\/wp-json\/wp\/v2\/media\/12724"}],"wp:attachment":[{"href":"https:\/\/tvc16.com\/portal\/wp-json\/wp\/v2\/media?parent=12723"}],"wp:term":[{"taxonomy":"category","embeddable":true,"href":"https:\/\/tvc16.com\/portal\/wp-json\/wp\/v2\/categories?post=12723"},{"taxonomy":"post_tag","embeddable":true,"href":"https:\/\/tvc16.com\/portal\/wp-json\/wp\/v2\/tags?post=12723"}],"curies":[{"name":"wp","href":"https:\/\/api.w.org\/{rel}","templated":true}]}}