{"id":12726,"date":"2021-04-11T21:20:36","date_gmt":"2021-04-12T00:20:36","guid":{"rendered":"https:\/\/tvc16.com\/portal\/?p=12726"},"modified":"2021-04-11T21:20:38","modified_gmt":"2021-04-12T00:20:38","slug":"detran-rj-lanca-e-book-com-as-principais-mudancas-no-codigo-de-transito-brasileiro","status":"publish","type":"post","link":"https:\/\/tvc16.com\/portal\/2021\/04\/11\/detran-rj-lanca-e-book-com-as-principais-mudancas-no-codigo-de-transito-brasileiro\/","title":{"rendered":"Detran.RJ lan\u00e7a e-book com as principais mudan\u00e7as no C\u00f3digo de Tr\u00e2nsito Brasileiro"},"content":{"rendered":"\n<p><\/p>\n\n\n\n<p><em>Novo texto entra em vigor nesta segunda-feira (12\/04). Saiba o que muda<\/em><\/p>\n\n\n\n<p>Nesta segunda-feira (12\/04), dia em que entram em vigor as mudan\u00e7as no C\u00f3digo de Tr\u00e2nsito Brasileiro (CTB), em todo o pa\u00eds, o Detran.RJ est\u00e1 lan\u00e7ando um e-book de 30 p\u00e1ginas com as informa\u00e7\u00f5es e novas regras aprovadas pelo Congresso Nacional, em outubro do ano passado.<\/p>\n\n\n\n<p>Motoristas, motociclistas, ciclistas e pedestres poder\u00e3o acessar o e-book pelo site do Detran (<a rel=\"noreferrer noopener\" target=\"_blank\" href=\"http:\/\/www.detran.rj.gov.br\">www.detran.rj.gov.br<\/a>), onde o material est\u00e1 facilmente localiz\u00e1vel, em um banner na capa do site, ou pelo link<a rel=\"noreferrer noopener\" target=\"_blank\" href=\"http:\/\/www.detran.rj.gov.br\/_include\/geral\/ebook.pdf\">&nbsp;http:\/\/www.detran.rj.gov.br\/_include\/geral\/ebook.pdf<\/a>. O e-book tamb\u00e9m pode ser baixado em PDF, em qualquer meio digital, ou impresso.<\/p>\n\n\n\n<p>Entre as altera\u00e7\u00f5es mais importantes para os condutores est\u00e3o o aumento do prazo de validade da carteira nacional habilita\u00e7\u00e3o (CNH) &#8211; que dobra de cinco para dez anos para os motoristas com menos de 50 anos de idade &#8211; e a amplia\u00e7\u00e3o do limite de pontos necess\u00e1rios para que seja iniciado um processo de suspens\u00e3o da carteira. O texto que come\u00e7a a valer agora torna o CTB mais moderno e mais eficiente.<\/p>\n\n\n\n<p>&#8211; O Detran.RJ preparou este e-book para facilitar a vida dos usu\u00e1rios. Ele indica, ponto por ponto, as mudan\u00e7as mais importantes para os condutores. E em cada item mostra resumidamente o que dizia o CTB antes, e como fica o texto da lei a partir desta segunda-feira &#8211; afirma o presidente do Detran.RJ, Adolfo Konder.<\/p>\n","protected":false},"excerpt":{"rendered":"<p>Novo texto entra em vigor nesta segunda-feira (12\/04). Saiba o que muda Nesta segunda-feira (12\/04),<\/p>\n","protected":false},"author":2,"featured_media":12727,"comment_status":"open","ping_status":"open","sticky":false,"template":"","format":"standard","meta":{"footnotes":""},"categories":[17],"tags":[],"class_list":["post-12726","post","type-post","status-publish","format-standard","has-post-thumbnail","hentry","category-outras-noticias"],"_links":{"self":[{"href":"https:\/\/tvc16.com\/portal\/wp-json\/wp\/v2\/posts\/12726","targetHints":{"allow":["GET"]}}],"collection":[{"href":"https:\/\/tvc16.com\/portal\/wp-json\/wp\/v2\/posts"}],"about":[{"href":"https:\/\/tvc16.com\/portal\/wp-json\/wp\/v2\/types\/post"}],"author":[{"embeddable":true,"href":"https:\/\/tvc16.com\/portal\/wp-json\/wp\/v2\/users\/2"}],"replies":[{"embeddable":true,"href":"https:\/\/tvc16.com\/portal\/wp-json\/wp\/v2\/comments?post=12726"}],"version-history":[{"count":1,"href":"https:\/\/tvc16.com\/portal\/wp-json\/wp\/v2\/posts\/12726\/revisions"}],"predecessor-version":[{"id":12728,"href":"https:\/\/tvc16.com\/portal\/wp-json\/wp\/v2\/posts\/12726\/revisions\/12728"}],"wp:featuredmedia":[{"embeddable":true,"href":"https:\/\/tvc16.com\/portal\/wp-json\/wp\/v2\/media\/12727"}],"wp:attachment":[{"href":"https:\/\/tvc16.com\/portal\/wp-json\/wp\/v2\/media?parent=12726"}],"wp:term":[{"taxonomy":"category","embeddable":true,"href":"https:\/\/tvc16.com\/portal\/wp-json\/wp\/v2\/categories?post=12726"},{"taxonomy":"post_tag","embeddable":true,"href":"https:\/\/tvc16.com\/portal\/wp-json\/wp\/v2\/tags?post=12726"}],"curies":[{"name":"wp","href":"https:\/\/api.w.org\/{rel}","templated":true}]}}