{"id":1274,"date":"2020-09-25T16:08:42","date_gmt":"2020-09-25T16:08:42","guid":{"rendered":"https:\/\/tvc16.com\/portal\/?p=1274"},"modified":"2020-09-25T16:08:42","modified_gmt":"2020-09-25T16:08:42","slug":"empreendedores-do-centro-oeste-tem-acesso-a-mais-de-r-94-milhoes-em-emprestimos","status":"publish","type":"post","link":"https:\/\/tvc16.com\/portal\/2020\/09\/25\/empreendedores-do-centro-oeste-tem-acesso-a-mais-de-r-94-milhoes-em-emprestimos\/","title":{"rendered":"Empreendedores do Centro-Oeste t\u00eam acesso a mais de R$ 94 milh\u00f5es em empr\u00e9stimos"},"content":{"rendered":"\n<p>Mais de R$ 94 milh\u00f5es da linha emergencial de cr\u00e9dito do Fundo Constitucional de Financiamento do Centro-Oeste (FCO) foram contratados por empreendedores da regi\u00e3o desde o come\u00e7o de julho. O objetivo dessa modalidade de cr\u00e9dito \u00e9 promover o desenvolvimento de atividades produtivas e econ\u00f4micas na regi\u00e3o, por meio do apoio a micro, pequenas, m\u00e9dias e grandes empresas.&nbsp;<\/p>\n\n\n\n<p>A taxa de juros dos empr\u00e9stimos, que s\u00e3o concedidos por v\u00e1rias institui\u00e7\u00f5es financeiras, \u00e9 pr\u00e9-fixada em 2,5% ao ano, e os tomadores ter\u00e3o at\u00e9 24 meses para pagar, com car\u00eancia at\u00e9 dezembro deste ano. Cada empreendedor pode contratar at\u00e9 R$ 100 mil de empr\u00e9stimos.&nbsp;&nbsp;&nbsp;&nbsp;&nbsp;<\/p>\n\n\n\n<p>&nbsp;<strong><a href=\"https:\/\/brasil61.com\/noticias\/empresarios-de-todo-o-pais-recorrem-a-emprestimos-para-salvar-os-negocios-bras200479\" target=\"_blank\" rel=\"noreferrer noopener\">Empres\u00e1rios de todo o pa\u00eds recorrem a empr\u00e9stimos para salvar os neg\u00f3cios&nbsp;<\/a><\/strong><\/p>\n\n\n\n<p>Os recursos adquiridos podem ser utilizados em despesas de custeio, manuten\u00e7\u00e3o e forma\u00e7\u00e3o de estoque e para o pagamento de funcion\u00e1rios e contribui\u00e7\u00f5es. Al\u00e9m disso, o dinheiro emprestado pode servir para despesas diversas com risco de n\u00e3o serem honradas por conta da redu\u00e7\u00e3o ou paralisa\u00e7\u00e3o da atividade produtiva. Ao todo, o governo afirma que disponibilizar\u00e1 R$ 1 bilh\u00e3o em empr\u00e9stimos por meio do FCO.<br>&nbsp;<\/p>\n\n\n\n<p>Fonte: <a href=\"https:\/\/brasil61.com\/noticias\/empreendedores-do-centro-oeste-tem-acesso-a-mais-de-r-94-milhoes-em-emprestimos-bras201982\" target=\"_blank\" rel=\"noreferrer noopener\">Brasil 61<\/a><\/p>\n","protected":false},"excerpt":{"rendered":"<p>Mais de R$ 94 milh\u00f5es da linha emergencial de cr\u00e9dito do Fundo Constitucional de Financiamento<\/p>\n","protected":false},"author":2,"featured_media":1275,"comment_status":"open","ping_status":"open","sticky":false,"template":"","format":"standard","meta":{"footnotes":""},"categories":[18],"tags":[],"class_list":["post-1274","post","type-post","status-publish","format-standard","has-post-thumbnail","hentry","category-economia"],"_links":{"self":[{"href":"https:\/\/tvc16.com\/portal\/wp-json\/wp\/v2\/posts\/1274","targetHints":{"allow":["GET"]}}],"collection":[{"href":"https:\/\/tvc16.com\/portal\/wp-json\/wp\/v2\/posts"}],"about":[{"href":"https:\/\/tvc16.com\/portal\/wp-json\/wp\/v2\/types\/post"}],"author":[{"embeddable":true,"href":"https:\/\/tvc16.com\/portal\/wp-json\/wp\/v2\/users\/2"}],"replies":[{"embeddable":true,"href":"https:\/\/tvc16.com\/portal\/wp-json\/wp\/v2\/comments?post=1274"}],"version-history":[{"count":1,"href":"https:\/\/tvc16.com\/portal\/wp-json\/wp\/v2\/posts\/1274\/revisions"}],"predecessor-version":[{"id":1276,"href":"https:\/\/tvc16.com\/portal\/wp-json\/wp\/v2\/posts\/1274\/revisions\/1276"}],"wp:featuredmedia":[{"embeddable":true,"href":"https:\/\/tvc16.com\/portal\/wp-json\/wp\/v2\/media\/1275"}],"wp:attachment":[{"href":"https:\/\/tvc16.com\/portal\/wp-json\/wp\/v2\/media?parent=1274"}],"wp:term":[{"taxonomy":"category","embeddable":true,"href":"https:\/\/tvc16.com\/portal\/wp-json\/wp\/v2\/categories?post=1274"},{"taxonomy":"post_tag","embeddable":true,"href":"https:\/\/tvc16.com\/portal\/wp-json\/wp\/v2\/tags?post=1274"}],"curies":[{"name":"wp","href":"https:\/\/api.w.org\/{rel}","templated":true}]}}