{"id":12740,"date":"2021-04-12T09:45:05","date_gmt":"2021-04-12T12:45:05","guid":{"rendered":"https:\/\/tvc16.com\/portal\/?p=12740"},"modified":"2021-04-12T09:45:31","modified_gmt":"2021-04-12T12:45:31","slug":"prazo-para-contestar-auxilio-emergencial-negado-termina-hoje","status":"publish","type":"post","link":"https:\/\/tvc16.com\/portal\/2021\/04\/12\/prazo-para-contestar-auxilio-emergencial-negado-termina-hoje\/","title":{"rendered":"Prazo para contestar aux\u00edlio emergencial negado termina hoje"},"content":{"rendered":"\n<h3 class=\"wp-block-heading\">Pedidos devem ser feitos na p\u00e1gina da Dataprev na internet<\/h3>\n\n\n\n<h4 class=\"wp-block-heading\">Por Wellton M\u00e1ximo \u2013 Rep\u00f3rter da Agencia Brasil &#8211; Bras\u00edlia<\/h4>\n\n\n\n<p>Acaba&nbsp;hoje&nbsp;(12) o prazo para o trabalhador que teve a nova rodada do aux\u00edlio emergencial negada contestar a decis\u00e3o. Os pedidos devem ser feitos no&nbsp;<a href=\"https:\/\/consultaauxilio.cidadania.gov.br\/consulta\/#\/\" target=\"_blank\" rel=\"noreferrer noopener\">Portal de Consultas da Dataprev<\/a>&nbsp;, que fornece a rela\u00e7\u00e3o de quem teve o benef\u00edcio liberado em 2021.<img decoding=\"async\" src=\"https:\/\/agenciabrasil.ebc.com.br\/ebc.png?id=1406547&amp;o=node\"><img decoding=\"async\" src=\"https:\/\/agenciabrasil.ebc.com.br\/ebc.gif?id=1406547&amp;o=node\"><\/p>\n\n\n\n<p>A contesta\u00e7\u00e3o, no entanto, n\u00e3o pode ser feita por qualquer benefici\u00e1rio. S\u00f3 pode pedir a reativa\u00e7\u00e3o do benef\u00edcio quem recebia o aux\u00edlio emergencial de R$ 600 ou a extens\u00e3o de R$ 300 em dezembro do ano passado. O prazo para novos pedidos de benef\u00edcios acabou em&nbsp;3 de julho&nbsp;do ano passado e n\u00e3o foi reaberto para a nova rodada.<br><br>O pedido de contesta\u00e7\u00e3o pode ser feito ap\u00f3s o trabalhador fazer a consulta no site da Dataprev, estatal que cadastra os dados dos benefici\u00e1rios, e constatar que teve o benef\u00edcio cancelado. Caso o resultado d\u00ea \u201cineleg\u00edvel\u201d, a pr\u00f3pria p\u00e1gina oferecer\u00e1 a op\u00e7\u00e3o de \u201ccontestar\u201d, bastando o trabalhador clicar no bot\u00e3o correspondente.<\/p>\n\n\n\n<p>O sistema aceitar\u00e1 somente pedidos considerados pass\u00edveis de contesta\u00e7\u00e3o, que permitem a atualiza\u00e7\u00e3o das bases de dados da Dataprev, como data de nascimento errada, CPF n\u00e3o identificado e informa\u00e7\u00f5es incorretas sobre v\u00ednculos empregat\u00edcios e recebimento de outros benef\u00edcios sociais e trabalhistas. O prazo de contesta\u00e7\u00e3o come\u00e7ou no dia 2 e seguir\u00e1 por dez dias corridos, at\u00e9 esta&nbsp;segunda-feira.&nbsp;<\/p>\n\n\n\n<h2 class=\"wp-block-heading\">Reavalia\u00e7\u00e3o<\/h2>\n\n\n\n<p>O Minist\u00e9rio da Cidadania tamb\u00e9m esclarece que, mesmo ap\u00f3s o recebimento da primeira parcela, o aux\u00edlio emergencial pode ser cancelado. O governo far\u00e1 um pente fino constante para verificar eventuais inconsist\u00eancias ou irregularidades no pagamento do benef\u00edcio.<br><br>Caso o pagamento seja cancelado, o benefici\u00e1rio tamb\u00e9m poder\u00e1 contestar a decis\u00e3o no site da Dataprev. Tamb\u00e9m \u00e9 poss\u00edvel reverter o cancelamento por meio de decis\u00e3o judicial ou de processamentos de of\u00edcio realizados pelo Minist\u00e9rio da Cidadania.<br><br>A&nbsp;<strong>Ag\u00eancia Brasil<\/strong>&nbsp;elaborou um<a href=\"https:\/\/agenciabrasil.ebc.com.br\/economia\/noticia\/2021-04\/agencia-brasil-explica-nova-rodada-do-auxilio-emergencial\" target=\"_blank\" rel=\"noreferrer noopener\">&nbsp;guia de perguntas e respostas<\/a>&nbsp;sobre o aux\u00edlio emergencial. Entre as d\u00favidas que o benefici\u00e1rio pode tirar est\u00e3o os crit\u00e9rios para receber o benef\u00edcio, a regulariza\u00e7\u00e3o do CPF e os crit\u00e9rios de desempate dentro da mesma fam\u00edlia para&nbsp;ter&nbsp;acesso ao aux\u00edlio.<\/p>\n\n\n\n<p>Edi\u00e7\u00e3o: Maria Claudia<\/p>\n","protected":false},"excerpt":{"rendered":"<p>Pedidos devem ser feitos na p\u00e1gina da Dataprev na internet Por Wellton M\u00e1ximo \u2013 Rep\u00f3rter<\/p>\n","protected":false},"author":2,"featured_media":12741,"comment_status":"open","ping_status":"open","sticky":false,"template":"","format":"standard","meta":{"footnotes":""},"categories":[17],"tags":[],"class_list":["post-12740","post","type-post","status-publish","format-standard","has-post-thumbnail","hentry","category-outras-noticias"],"_links":{"self":[{"href":"https:\/\/tvc16.com\/portal\/wp-json\/wp\/v2\/posts\/12740","targetHints":{"allow":["GET"]}}],"collection":[{"href":"https:\/\/tvc16.com\/portal\/wp-json\/wp\/v2\/posts"}],"about":[{"href":"https:\/\/tvc16.com\/portal\/wp-json\/wp\/v2\/types\/post"}],"author":[{"embeddable":true,"href":"https:\/\/tvc16.com\/portal\/wp-json\/wp\/v2\/users\/2"}],"replies":[{"embeddable":true,"href":"https:\/\/tvc16.com\/portal\/wp-json\/wp\/v2\/comments?post=12740"}],"version-history":[{"count":2,"href":"https:\/\/tvc16.com\/portal\/wp-json\/wp\/v2\/posts\/12740\/revisions"}],"predecessor-version":[{"id":12743,"href":"https:\/\/tvc16.com\/portal\/wp-json\/wp\/v2\/posts\/12740\/revisions\/12743"}],"wp:featuredmedia":[{"embeddable":true,"href":"https:\/\/tvc16.com\/portal\/wp-json\/wp\/v2\/media\/12741"}],"wp:attachment":[{"href":"https:\/\/tvc16.com\/portal\/wp-json\/wp\/v2\/media?parent=12740"}],"wp:term":[{"taxonomy":"category","embeddable":true,"href":"https:\/\/tvc16.com\/portal\/wp-json\/wp\/v2\/categories?post=12740"},{"taxonomy":"post_tag","embeddable":true,"href":"https:\/\/tvc16.com\/portal\/wp-json\/wp\/v2\/tags?post=12740"}],"curies":[{"name":"wp","href":"https:\/\/api.w.org\/{rel}","templated":true}]}}