{"id":12747,"date":"2021-04-12T09:47:37","date_gmt":"2021-04-12T12:47:37","guid":{"rendered":"https:\/\/tvc16.com\/portal\/?p=12747"},"modified":"2021-04-12T09:47:40","modified_gmt":"2021-04-12T12:47:40","slug":"covid19-vacinados-devem-observar-intervalo-entre-imunizantes","status":"publish","type":"post","link":"https:\/\/tvc16.com\/portal\/2021\/04\/12\/covid19-vacinados-devem-observar-intervalo-entre-imunizantes\/","title":{"rendered":"Covid19: vacinados devem observar intervalo entre imunizantes"},"content":{"rendered":"\n<h3 class=\"wp-block-heading\">M\u00e9dicos recomendam prazo entre vacinas contra covid-19 e influenza<\/h3>\n\n\n\n<h4 class=\"wp-block-heading\">Por Jonas Valente \u2013 Rep\u00f3rter Ag\u00eancia Brasil &#8211; Bras\u00edlia<\/h4>\n\n\n\n<p>Com a vacina\u00e7\u00e3o de pessoas contra a covid-19 avan\u00e7ando, \u00e9 importante ficar atento ao intervalo entre essa aplica\u00e7\u00e3o e a de outros imunizantes. M\u00e9dicos recomendam um prazo entre essas duas vacinas para n\u00e3o prejudicar os efeitos delas.<img decoding=\"async\" src=\"https:\/\/agenciabrasil.ebc.com.br\/ebc.png?id=1406549&amp;o=node\"><img decoding=\"async\" src=\"https:\/\/agenciabrasil.ebc.com.br\/ebc.gif?id=1406549&amp;o=node\"><\/p>\n\n\n\n<p>Segundo o infectologista Hemerson Luz, o intervalo sugerido pelos profissionais \u00e9 de 14 dias. A orienta\u00e7\u00e3o m\u00e9dica vale para qualquer vacina do calend\u00e1rio ou para&nbsp;influenza&nbsp;no caso dos grupos que ser\u00e3o imunizados contra a covid-19.<\/p>\n\n\n\n<p>Essa preocupa\u00e7\u00e3o n\u00e3o inclui, por exemplo, crian\u00e7as que ainda n\u00e3o tiveram testes comprovando a efic\u00e1cia das atuais vacinas contra a covid-19.<\/p>\n\n\n\n<p>Hemerson Luz explica que o intervalo de duas semanas \u00e9 recomendado para que a vacina consiga gerar resultados, com a produ\u00e7\u00e3o de anticorpos correspondentes aos efeitos de cada imunizante.<\/p>\n\n\n\n<p>O per\u00edodo de 14 dias deve ser observado independentemente de qual vacina foi tomada primeiro. Ent\u00e3o, se algu\u00e9m receber imunizante contra a covid-19, deve aguardar pelo menos duas semanas antes de tomar qualquer outra vacina e vice-versa.<\/p>\n\n\n\n<p>O infectologista comenta que os calend\u00e1rios foram pensados para evitar que uma pessoa tenha tomado a vacina contra a Iifluenza e, logo depois, chegue a sua vez na lista de grupos priorit\u00e1rios da campanha contra a covid-19.&nbsp;<\/p>\n\n\n\n<p>\u201cO planejamento vai ser feito da seguinte forma: a vacina\u00e7\u00e3o contra a influenza vai come\u00e7ar por crian\u00e7as e gestantes, que n\u00e3o est\u00e3o inclu\u00eddas na vacina da covid-19. Isso vai dar tempo de resposta para come\u00e7ar a campanha, enquanto os mais idosos est\u00e3o sendo vacinados contra a covid-19\u201d, afirma Hemerson Luz.<\/p>\n\n\n\n<p>Se houver, no entanto coincid\u00eancia dos per\u00edodos de vacina\u00e7\u00e3o fica mantida a orienta\u00e7\u00e3o de esperar os 14 dias para n\u00e3o prejudicar nenhuma das duas.&nbsp;&nbsp;<\/p>\n\n\n\n<p>Edi\u00e7\u00e3o: Maria Claudia<\/p>\n","protected":false},"excerpt":{"rendered":"<p>M\u00e9dicos recomendam prazo entre vacinas contra covid-19 e influenza Por Jonas Valente \u2013 Rep\u00f3rter Ag\u00eancia<\/p>\n","protected":false},"author":2,"featured_media":12748,"comment_status":"open","ping_status":"open","sticky":false,"template":"","format":"standard","meta":{"footnotes":""},"categories":[17],"tags":[],"class_list":["post-12747","post","type-post","status-publish","format-standard","has-post-thumbnail","hentry","category-outras-noticias"],"_links":{"self":[{"href":"https:\/\/tvc16.com\/portal\/wp-json\/wp\/v2\/posts\/12747","targetHints":{"allow":["GET"]}}],"collection":[{"href":"https:\/\/tvc16.com\/portal\/wp-json\/wp\/v2\/posts"}],"about":[{"href":"https:\/\/tvc16.com\/portal\/wp-json\/wp\/v2\/types\/post"}],"author":[{"embeddable":true,"href":"https:\/\/tvc16.com\/portal\/wp-json\/wp\/v2\/users\/2"}],"replies":[{"embeddable":true,"href":"https:\/\/tvc16.com\/portal\/wp-json\/wp\/v2\/comments?post=12747"}],"version-history":[{"count":1,"href":"https:\/\/tvc16.com\/portal\/wp-json\/wp\/v2\/posts\/12747\/revisions"}],"predecessor-version":[{"id":12749,"href":"https:\/\/tvc16.com\/portal\/wp-json\/wp\/v2\/posts\/12747\/revisions\/12749"}],"wp:featuredmedia":[{"embeddable":true,"href":"https:\/\/tvc16.com\/portal\/wp-json\/wp\/v2\/media\/12748"}],"wp:attachment":[{"href":"https:\/\/tvc16.com\/portal\/wp-json\/wp\/v2\/media?parent=12747"}],"wp:term":[{"taxonomy":"category","embeddable":true,"href":"https:\/\/tvc16.com\/portal\/wp-json\/wp\/v2\/categories?post=12747"},{"taxonomy":"post_tag","embeddable":true,"href":"https:\/\/tvc16.com\/portal\/wp-json\/wp\/v2\/tags?post=12747"}],"curies":[{"name":"wp","href":"https:\/\/api.w.org\/{rel}","templated":true}]}}