{"id":12756,"date":"2021-04-12T09:50:54","date_gmt":"2021-04-12T12:50:54","guid":{"rendered":"https:\/\/tvc16.com\/portal\/?p=12756"},"modified":"2021-04-12T09:52:57","modified_gmt":"2021-04-12T12:52:57","slug":"receita-adia-o-prazo-de-entrega-da-declaracao-de-imposto-de-renda","status":"publish","type":"post","link":"https:\/\/tvc16.com\/portal\/2021\/04\/12\/receita-adia-o-prazo-de-entrega-da-declaracao-de-imposto-de-renda\/","title":{"rendered":"Receita adia o prazo de entrega da Declara\u00e7\u00e3o de Imposto de Renda"},"content":{"rendered":"\n<h3 class=\"wp-block-heading\">Novo prazo ser\u00e1 at\u00e9 31 de maio<\/h3>\n\n\n\n<h4 class=\"wp-block-heading\">Por Andreia Verd\u00e9lio \u2013 Rep\u00f3rter da Ag\u00eancia Brasil &#8211; Bras\u00edlia<\/h4>\n\n\n\n<p>A Receita Federal adiou, para 31 de maio, o prazo para entrega da declara\u00e7\u00e3o do Imposto de Renda das Pessoas F\u00edsica, ano-base 2020. O per\u00edodo de ajuste anual, que come\u00e7ou em 1\u00ba de mar\u00e7o, terminaria no dia 30 de abril, mas foi prorrogado pela Instru\u00e7\u00e3o Normativa n\u00ba 2.020\/2021, publicada hoje (12) no&nbsp;<em><a href=\"https:\/\/www.in.gov.br\/en\/web\/dou\/-\/instrucao-normativa-rfb-n-2.020-de-9-de-abril-de-2021-313193696\" target=\"_blank\" rel=\"noreferrer noopener\">Di\u00e1rio Oficial da Uni\u00e3o<\/a>.<\/em><img decoding=\"async\" src=\"https:\/\/agenciabrasil.ebc.com.br\/ebc.png?id=1406556&amp;o=node\"><img decoding=\"async\" src=\"https:\/\/agenciabrasil.ebc.com.br\/ebc.gif?id=1406556&amp;o=node\"><\/p>\n\n\n\n<p>De acordo com a Receita, a prorroga\u00e7\u00e3o foi estabelecida como forma de suavizar as dificuldades impostas pela pandemia de covid-19, assim como aconteceu em 2019.&nbsp;<a href=\"https:\/\/agenciabrasil.ebc.com.br\/economia\/noticia\/2020-04\/governo-prorroga-prazo-de-entrega-da-declaracao-do-ir-por-dois-meses\" target=\"_blank\" rel=\"noreferrer noopener\">No ano passado<\/a>, o prazo foi estendido em dois meses, at\u00e9 30 de junho.<\/p>\n\n\n\n<p>\u201cA medida visa proteger a sociedade, evitando que sejam formadas aglomera\u00e7\u00f5es nas unidades de atendimento e demais estabelecimentos procurados pelos cidad\u00e3os para obter documentos ou ajuda profissional. Assim, a Receita Federal contribui com os esfor\u00e7os do governo federal na manuten\u00e7\u00e3o do distanciamento social e diminui\u00e7\u00e3o da propaga\u00e7\u00e3o da doen\u00e7a\u201d, explicou, em nota.<\/p>\n\n\n\n<p>Em raz\u00e3o do adiamento, o contribuinte que deseja pagar o imposto via d\u00e9bito autom\u00e1tico desde a primeira cota dever\u00e1 fazer a solicita\u00e7\u00e3o at\u00e9 o dia 10 de maio. Quem enviar a declara\u00e7\u00e3o ap\u00f3s esta data dever\u00e1 pagar a primeira cota por meio de Documento de Arrecada\u00e7\u00e3o de Receitas Federais (DARF), gerado pelo pr\u00f3prio programa de declara\u00e7\u00e3o. Nesse caso, as demais cotas poder\u00e3o ser em d\u00e9bito autom\u00e1tico.<\/p>\n\n\n\n<p>Para aqueles que n\u00e3o optarem pelo d\u00e9bito autom\u00e1tico, os DARFs de todas as cotas poder\u00e3o ser emitidos pelo programa ou pelo Extrato da Declara\u00e7\u00e3o, dispon\u00edvel no&nbsp;<a href=\"https:\/\/cav.receita.fazenda.gov.br\/autenticacao\/login\/index\" target=\"_blank\" rel=\"noreferrer noopener\">Centro Virtual de Atendimento<\/a>&nbsp;(e-CAC) no&nbsp;<em>site<\/em>&nbsp;da&nbsp;<a href=\"https:\/\/www.gov.br\/receitafederal\/pt-br\" target=\"_blank\" rel=\"noreferrer noopener\">Receita Federal<\/a>.<\/p>\n\n\n\n<p>Tamb\u00e9m foram prorrogados para 31 de maio de 2021 os prazos de entrega da Declara\u00e7\u00e3o Final de Esp\u00f3lio e da Declara\u00e7\u00e3o de Sa\u00edda Definitiva do Pa\u00eds, assim como, o vencimento do pagamento do imposto relativo a essas declara\u00e7\u00f5es.<\/p>\n\n\n\n<p>A Receita destacou ainda que disponibiliza diversos servi\u00e7os aos cidad\u00e3os, que podem ser acessado sem sair de casa. Por meio do e-CAC com uma conta gov.br, o portal \u00fanico do governo federal, o contribuinte tem acesso, por exemplo, aos comprovantes de rendimentos informados na Declara\u00e7\u00e3o de Imposto de Renda Retido na Fonte (DIRF) pelas fontes pagadoras, \u00e0 c\u00f3pia da \u00faltima declara\u00e7\u00e3o entregue e \u00e0&nbsp;<a href=\"https:\/\/agenciabrasil.ebc.com.br\/economia\/noticia\/2021-03\/declaracao-pre-preenchida-do-ir-pode-estar-disponivel-amanha\" target=\"_blank\" rel=\"noreferrer noopener\">declara\u00e7\u00e3o pr\u00e9-preenchida<\/a>.<\/p>\n\n\n\n<p>Edi\u00e7\u00e3o: Val\u00e9ria Aguiar<\/p>\n","protected":false},"excerpt":{"rendered":"<p>Novo prazo ser\u00e1 at\u00e9 31 de maio Por Andreia Verd\u00e9lio \u2013 Rep\u00f3rter da Ag\u00eancia Brasil<\/p>\n","protected":false},"author":2,"featured_media":12759,"comment_status":"open","ping_status":"open","sticky":false,"template":"","format":"standard","meta":{"footnotes":""},"categories":[17],"tags":[],"class_list":["post-12756","post","type-post","status-publish","format-standard","has-post-thumbnail","hentry","category-outras-noticias"],"_links":{"self":[{"href":"https:\/\/tvc16.com\/portal\/wp-json\/wp\/v2\/posts\/12756","targetHints":{"allow":["GET"]}}],"collection":[{"href":"https:\/\/tvc16.com\/portal\/wp-json\/wp\/v2\/posts"}],"about":[{"href":"https:\/\/tvc16.com\/portal\/wp-json\/wp\/v2\/types\/post"}],"author":[{"embeddable":true,"href":"https:\/\/tvc16.com\/portal\/wp-json\/wp\/v2\/users\/2"}],"replies":[{"embeddable":true,"href":"https:\/\/tvc16.com\/portal\/wp-json\/wp\/v2\/comments?post=12756"}],"version-history":[{"count":1,"href":"https:\/\/tvc16.com\/portal\/wp-json\/wp\/v2\/posts\/12756\/revisions"}],"predecessor-version":[{"id":12758,"href":"https:\/\/tvc16.com\/portal\/wp-json\/wp\/v2\/posts\/12756\/revisions\/12758"}],"wp:featuredmedia":[{"embeddable":true,"href":"https:\/\/tvc16.com\/portal\/wp-json\/wp\/v2\/media\/12759"}],"wp:attachment":[{"href":"https:\/\/tvc16.com\/portal\/wp-json\/wp\/v2\/media?parent=12756"}],"wp:term":[{"taxonomy":"category","embeddable":true,"href":"https:\/\/tvc16.com\/portal\/wp-json\/wp\/v2\/categories?post=12756"},{"taxonomy":"post_tag","embeddable":true,"href":"https:\/\/tvc16.com\/portal\/wp-json\/wp\/v2\/tags?post=12756"}],"curies":[{"name":"wp","href":"https:\/\/api.w.org\/{rel}","templated":true}]}}