{"id":12760,"date":"2021-04-12T10:44:13","date_gmt":"2021-04-12T13:44:13","guid":{"rendered":"https:\/\/tvc16.com\/portal\/?p=12760"},"modified":"2021-04-12T10:44:17","modified_gmt":"2021-04-12T13:44:17","slug":"inflacao-para-idosos-acumula-taxa-de-620-em-12-meses","status":"publish","type":"post","link":"https:\/\/tvc16.com\/portal\/2021\/04\/12\/inflacao-para-idosos-acumula-taxa-de-620-em-12-meses\/","title":{"rendered":"Infla\u00e7\u00e3o para idosos acumula taxa de 6,20% em 12 meses"},"content":{"rendered":"\n<h3 class=\"wp-block-heading\">No primeiro trimeste o indice subiu 1,54%, diz FGV<\/h3>\n\n\n\n<h4 class=\"wp-block-heading\">Por Cristina Indio do Brasil &#8211; Rep\u00f3rter da Ag\u00eancia Brasil &#8211; Rio de Janeiro<\/h4>\n\n\n\n<p>O \u00cdndice de Pre\u00e7os ao Consumidor da Terceira Idade (IPC-3i) subiu 1,54% no primeiro trimestre de 2021 e acumula eleva\u00e7\u00e3o de 6,20% nos \u00faltimos 12 meses, ficando acima da taxa acumulada pelo IPC-BR, no mesmo per\u00edodo, que atingiu 6,10%. O resultado foi divulgado hoje (12) pelo Instituto Brasileiro de Economia da Funda\u00e7\u00e3o Getulio Vargas (Ibre\/FGV). O IPC-3i mede a varia\u00e7\u00e3o da cesta de consumo de fam\u00edlias majoritariamente compostas por indiv\u00edduos com mais de 60 anos de idade. J\u00e1 o IPC-Br analisa a infla\u00e7\u00e3o das fam\u00edlias para todas as faixas de idade.<img decoding=\"async\" src=\"https:\/\/agenciabrasil.ebc.com.br\/ebc.png?id=1406562&amp;o=node\"><img decoding=\"async\" src=\"https:\/\/agenciabrasil.ebc.com.br\/ebc.gif?id=1406562&amp;o=node\"><\/p>\n\n\n\n<p>Na passagem do quarto trimestre de 2020 para os tr\u00eas primeiros meses deste ano, o IPC-3i teve recuo de 1,27 ponto percentual, passando de 2,81% para 1,54%. De acordo com o Ibre, quatro das oito classes de despesa componentes do \u00edndice registraram queda na varia\u00e7\u00e3o. O grupo habita\u00e7\u00e3o caiu de 3,40% para -0,37%, foi a principal contribui\u00e7\u00e3o para o desempenho do indicativo. A tarifa de eletricidade residencial, foi o item que mais influenciou o comportamento desta classe de despesa, com a varia\u00e7\u00e3o de -6,44% no primeiro trimestre, enquanto no anterior foi 11,68%.<\/p>\n\n\n\n<p>A queda da IPC-3i tamb\u00e9m sofreu influ\u00eancia dos grupos alimenta\u00e7\u00e3o, que passou de 5,91% para 1,40%; educa\u00e7\u00e3o, leitura e recrea\u00e7\u00e3o saiu de 5,40% para -2,43%; e comunica\u00e7\u00e3o de 0,42% para 0,02%. O Ibre destacou nestas classes de despesa o comportamento de itens com quedas significativas como hortali\u00e7as e legumes de 15,79% para -1,82%), passagem a\u00e9rea de 29,91% para -20,63%) e tarifa de telefone residencial de 1,80% para 0,00%.<\/p>\n\n\n\n<p>Os comportamentos negativos com avan\u00e7o nas taxas de varia\u00e7\u00e3o ficaram por conta dos grupos transportes, que tiveram alta de 2,23% para 7,16%, Sa\u00fade e Cuidados Pessoais saindo de 0,39% para 1,24%), despesas diversas que passou de 0,45% para 0,88% e vestu\u00e1rio de 0,54% para 0,63%. Nestas classes de despesa, houve influ\u00eancia da gasolina cuja varia\u00e7\u00e3o cresceu de 3,40% para 21,84%), m\u00e9dico, dentista e outros de 0,09% para 2,05%), cigarros de -0,93% para 1,85%) e cal\u00e7ados femininos de -0,30% para 2,07%.<\/p>\n\n\n\n<p>IPC-3i<\/p>\n\n\n\n<p>Esta vers\u00e3o do IPC foi desenvolvida com base na Pesquisa de Or\u00e7amentos Familiares, realizada pelo FGV IBRE no bi\u00eanio 2002\/2003, e analisou o or\u00e7amento de fam\u00edlias compostas, majoritariamente, por indiv\u00edduos com mais de 60 anos de idade. Com o indicador, \u00e9 poss\u00edvel observar como a varia\u00e7\u00e3o dos pre\u00e7os de produtos e servi\u00e7os atinge o custo de vida de parcela crescente da popula\u00e7\u00e3o brasileira.<\/p>\n\n\n\n<p>Segundo a FGV, \u201cal\u00e9m de medir a evolu\u00e7\u00e3o do custo de vida para indiv\u00edduos com mais de 60 anos de idade, o IPC-3i serve de refer\u00eancia para a execu\u00e7\u00e3o de pol\u00edticas p\u00fablicas nas \u00e1reas de sa\u00fade e previd\u00eancia.<\/p>\n\n\n\n<p>Edi\u00e7\u00e3o: Val\u00e9ria Aguiar<\/p>\n","protected":false},"excerpt":{"rendered":"<p>No primeiro trimeste o indice subiu 1,54%, diz FGV Por Cristina Indio do Brasil &#8211;<\/p>\n","protected":false},"author":2,"featured_media":12761,"comment_status":"open","ping_status":"open","sticky":false,"template":"","format":"standard","meta":{"footnotes":""},"categories":[17],"tags":[],"class_list":["post-12760","post","type-post","status-publish","format-standard","has-post-thumbnail","hentry","category-outras-noticias"],"_links":{"self":[{"href":"https:\/\/tvc16.com\/portal\/wp-json\/wp\/v2\/posts\/12760","targetHints":{"allow":["GET"]}}],"collection":[{"href":"https:\/\/tvc16.com\/portal\/wp-json\/wp\/v2\/posts"}],"about":[{"href":"https:\/\/tvc16.com\/portal\/wp-json\/wp\/v2\/types\/post"}],"author":[{"embeddable":true,"href":"https:\/\/tvc16.com\/portal\/wp-json\/wp\/v2\/users\/2"}],"replies":[{"embeddable":true,"href":"https:\/\/tvc16.com\/portal\/wp-json\/wp\/v2\/comments?post=12760"}],"version-history":[{"count":1,"href":"https:\/\/tvc16.com\/portal\/wp-json\/wp\/v2\/posts\/12760\/revisions"}],"predecessor-version":[{"id":12762,"href":"https:\/\/tvc16.com\/portal\/wp-json\/wp\/v2\/posts\/12760\/revisions\/12762"}],"wp:featuredmedia":[{"embeddable":true,"href":"https:\/\/tvc16.com\/portal\/wp-json\/wp\/v2\/media\/12761"}],"wp:attachment":[{"href":"https:\/\/tvc16.com\/portal\/wp-json\/wp\/v2\/media?parent=12760"}],"wp:term":[{"taxonomy":"category","embeddable":true,"href":"https:\/\/tvc16.com\/portal\/wp-json\/wp\/v2\/categories?post=12760"},{"taxonomy":"post_tag","embeddable":true,"href":"https:\/\/tvc16.com\/portal\/wp-json\/wp\/v2\/tags?post=12760"}],"curies":[{"name":"wp","href":"https:\/\/api.w.org\/{rel}","templated":true}]}}