{"id":12763,"date":"2021-04-12T10:44:57","date_gmt":"2021-04-12T13:44:57","guid":{"rendered":"https:\/\/tvc16.com\/portal\/?p=12763"},"modified":"2021-04-12T10:44:59","modified_gmt":"2021-04-12T13:44:59","slug":"operacao-da-pf-apura-trafico-de-drogas-por-meio-de-jatos-executivos","status":"publish","type":"post","link":"https:\/\/tvc16.com\/portal\/2021\/04\/12\/operacao-da-pf-apura-trafico-de-drogas-por-meio-de-jatos-executivos\/","title":{"rendered":"Opera\u00e7\u00e3o da PF apura tr\u00e1fico de drogas por meio de jatos executivos"},"content":{"rendered":"\n<h3 class=\"wp-block-heading\">Opera\u00e7\u00e3o Flight Level foi deflagrada nesta segunda-feira<\/h3>\n\n\n\n<h4 class=\"wp-block-heading\">Por Ag\u00eancia Brasil &#8211; Bras\u00edlia<\/h4>\n\n\n\n<p>A Pol\u00edcia Federal (PF) deflagrou na manh\u00e3 de&nbsp;hoje&nbsp;(12) a Opera\u00e7\u00e3o Flight Level, que apura o crime de tr\u00e1fico internacional de drogas por meio de jatos executivos. Os alvos da investiga\u00e7\u00e3o tamb\u00e9m s\u00e3o suspeitos de lavagem de dinheiro e de integrar organiza\u00e7\u00e3o criminosa.<img decoding=\"async\" src=\"https:\/\/agenciabrasil.ebc.com.br\/ebc.png?id=1406561&amp;o=node\"><img decoding=\"async\" src=\"https:\/\/agenciabrasil.ebc.com.br\/ebc.gif?id=1406561&amp;o=node\"><\/p>\n\n\n\n<p>De acordo com a PF, as investiga\u00e7\u00f5es tiveram in\u00edcio em outubro de 2020, ap\u00f3s&nbsp;ter&nbsp;sido apreendido no Aeroporto Internacional de Lisboa um avi\u00e3o executivo brasileiro que teria partido de Belo Horizonte com 175 quilos de coca\u00edna a bordo.<\/p>\n\n\n\n<p>Ao todo, 90 policiais cumprem dois mandados de pris\u00e3o preventiva e 20 mandados de busca e apreens\u00e3o. As dilig\u00eancias s\u00e3o cumpridas em Belo Horizonte, Lagoa Santa (MG), Rio&nbsp;de Janeiro, S\u00e3o Paulo e Goi\u00e2nia.<\/p>\n\n\n\n<p>A 11\u00aa Vara Criminal Especializada de Minas Gerais autorizou ainda o bloqueio de contas de 29 pessoas f\u00edsicas e jur\u00eddicas e o sequestro de 15 ve\u00edculos, cinco im\u00f3veis e oito aeronaves, bem como a suspens\u00e3o de atividades de seis empresas.<\/p>\n\n\n\n<p>Ainda segundo a PF, al\u00e9m dos respons\u00e1veis pelas aeronaves, o esquema contava com a participa\u00e7\u00e3o de laranjas e fantasmas para oculta\u00e7\u00e3o de bens. O \u00f3rg\u00e3o estimou que a opera\u00e7\u00e3o desta&nbsp;segunda-feira (12) provocou um preju\u00edzo de R$ 30 milh\u00f5es ao crime organizado.<\/p>\n\n\n\n<p>Edi\u00e7\u00e3o: Gra\u00e7a Adjuto<\/p>\n","protected":false},"excerpt":{"rendered":"<p>Opera\u00e7\u00e3o Flight Level foi deflagrada nesta segunda-feira Por Ag\u00eancia Brasil &#8211; Bras\u00edlia A Pol\u00edcia Federal<\/p>\n","protected":false},"author":2,"featured_media":12764,"comment_status":"open","ping_status":"open","sticky":false,"template":"","format":"standard","meta":{"footnotes":""},"categories":[17],"tags":[],"class_list":["post-12763","post","type-post","status-publish","format-standard","has-post-thumbnail","hentry","category-outras-noticias"],"_links":{"self":[{"href":"https:\/\/tvc16.com\/portal\/wp-json\/wp\/v2\/posts\/12763","targetHints":{"allow":["GET"]}}],"collection":[{"href":"https:\/\/tvc16.com\/portal\/wp-json\/wp\/v2\/posts"}],"about":[{"href":"https:\/\/tvc16.com\/portal\/wp-json\/wp\/v2\/types\/post"}],"author":[{"embeddable":true,"href":"https:\/\/tvc16.com\/portal\/wp-json\/wp\/v2\/users\/2"}],"replies":[{"embeddable":true,"href":"https:\/\/tvc16.com\/portal\/wp-json\/wp\/v2\/comments?post=12763"}],"version-history":[{"count":1,"href":"https:\/\/tvc16.com\/portal\/wp-json\/wp\/v2\/posts\/12763\/revisions"}],"predecessor-version":[{"id":12765,"href":"https:\/\/tvc16.com\/portal\/wp-json\/wp\/v2\/posts\/12763\/revisions\/12765"}],"wp:featuredmedia":[{"embeddable":true,"href":"https:\/\/tvc16.com\/portal\/wp-json\/wp\/v2\/media\/12764"}],"wp:attachment":[{"href":"https:\/\/tvc16.com\/portal\/wp-json\/wp\/v2\/media?parent=12763"}],"wp:term":[{"taxonomy":"category","embeddable":true,"href":"https:\/\/tvc16.com\/portal\/wp-json\/wp\/v2\/categories?post=12763"},{"taxonomy":"post_tag","embeddable":true,"href":"https:\/\/tvc16.com\/portal\/wp-json\/wp\/v2\/tags?post=12763"}],"curies":[{"name":"wp","href":"https:\/\/api.w.org\/{rel}","templated":true}]}}