{"id":12766,"date":"2021-04-12T10:45:41","date_gmt":"2021-04-12T13:45:41","guid":{"rendered":"https:\/\/tvc16.com\/portal\/?p=12766"},"modified":"2021-04-12T10:45:44","modified_gmt":"2021-04-12T13:45:44","slug":"escolas-municipais-reiniciam-hoje-aulas-em-sao-paulo","status":"publish","type":"post","link":"https:\/\/tvc16.com\/portal\/2021\/04\/12\/escolas-municipais-reiniciam-hoje-aulas-em-sao-paulo\/","title":{"rendered":"Escolas municipais reiniciam hoje aulas em S\u00e3o Paulo"},"content":{"rendered":"\n<h3 class=\"wp-block-heading\">Covid-19 suspendeu atividades escolares em mar\u00e7o<\/h3>\n\n\n\n<h4 class=\"wp-block-heading\">Por Daniel Mello &#8211; Rep\u00f3rter da Ag\u00eancia Brasil &#8211; S\u00e3o Paulo<\/h4>\n\n\n\n<p>As escolas da rede municipal de S\u00e3o Paulo retomam hoje (12) as aulas presenciais com o fim da fase emergencial da quarentena em todo o estado. As aulas foram interrompidas no \u00faltimo dia 17 de mar\u00e7o por causa da covid-19. No per\u00edodo, a prefeitura antecipou o recesso escolar e feriados na capital paulista. A rede privada tamb\u00e9m est\u00e1 autorizada a reiniciar atividades.<img decoding=\"async\" src=\"https:\/\/agenciabrasil.ebc.com.br\/ebc.png?id=1406559&amp;o=node\"><img decoding=\"async\" src=\"https:\/\/agenciabrasil.ebc.com.br\/ebc.gif?id=1406559&amp;o=node\"><\/p>\n\n\n\n<p>Na fase vermelha do planejamento estadual da quarentena, as unidades educacionais podem receber no m\u00e1ximo 35% dos alunos. Segundo a prefeitura, neste momento o retorno \u00e9 opcional. A recomenda\u00e7\u00e3o \u00e9 que os estudantes que puderem permane\u00e7am no sistema de ensino remoto.<\/p>\n\n\n\n<p>A retomada das aulas presenciais atende com prioridade os estudantes filhos de profissionais de servi\u00e7os essenciais: sa\u00fade, educa\u00e7\u00e3o, assist\u00eancia social, transporte p\u00fablico, seguran\u00e7a e servi\u00e7o funer\u00e1rio. Tamb\u00e9m est\u00e1 previsto atendimento para os alunos com fam\u00edlias em situa\u00e7\u00e3o de vulnerabilidade.<\/p>\n\n\n\n<p>Segundo a prefeitura, est\u00e3o sendo distribu\u00eddas cestas b\u00e1sicas para as fam\u00edlias em maior vulnerabilidade e extrema pobreza. O executivo municipal informou que ser\u00e3o&nbsp; fornecidas 500 mil cestas com arroz, feij\u00e3o, a\u00e7\u00facar mascavo, leite, suco de frutas, al\u00e9m de frutas e legumes.<\/p>\n\n\n\n<h2 class=\"wp-block-heading\">Vacina\u00e7\u00e3o<\/h2>\n\n\n\n<p>No \u00faltimo s\u00e1bado (10), foram vacinados 50,4 mil profissionais da \u00e1rea da educa\u00e7\u00e3o contra o coronav\u00edrus na capital paulista. A imuniza\u00e7\u00e3o atende aos profissionais da \u00e1rea com mais de 47 anos. No p\u00fablico geral, est\u00e3o sendo vacinadas as pessoas com 67 anos. A estimativa \u00e9 que 96,7 mil idosos dessa faixa sejam vacinados a partir de hoje.<\/p>\n\n\n\n<p>Edi\u00e7\u00e3o: Kleber Sampaio<\/p>\n","protected":false},"excerpt":{"rendered":"<p>Covid-19 suspendeu atividades escolares em mar\u00e7o Por Daniel Mello &#8211; Rep\u00f3rter da Ag\u00eancia Brasil &#8211;<\/p>\n","protected":false},"author":2,"featured_media":12767,"comment_status":"open","ping_status":"open","sticky":false,"template":"","format":"standard","meta":{"footnotes":""},"categories":[17],"tags":[],"class_list":["post-12766","post","type-post","status-publish","format-standard","has-post-thumbnail","hentry","category-outras-noticias"],"_links":{"self":[{"href":"https:\/\/tvc16.com\/portal\/wp-json\/wp\/v2\/posts\/12766","targetHints":{"allow":["GET"]}}],"collection":[{"href":"https:\/\/tvc16.com\/portal\/wp-json\/wp\/v2\/posts"}],"about":[{"href":"https:\/\/tvc16.com\/portal\/wp-json\/wp\/v2\/types\/post"}],"author":[{"embeddable":true,"href":"https:\/\/tvc16.com\/portal\/wp-json\/wp\/v2\/users\/2"}],"replies":[{"embeddable":true,"href":"https:\/\/tvc16.com\/portal\/wp-json\/wp\/v2\/comments?post=12766"}],"version-history":[{"count":1,"href":"https:\/\/tvc16.com\/portal\/wp-json\/wp\/v2\/posts\/12766\/revisions"}],"predecessor-version":[{"id":12768,"href":"https:\/\/tvc16.com\/portal\/wp-json\/wp\/v2\/posts\/12766\/revisions\/12768"}],"wp:featuredmedia":[{"embeddable":true,"href":"https:\/\/tvc16.com\/portal\/wp-json\/wp\/v2\/media\/12767"}],"wp:attachment":[{"href":"https:\/\/tvc16.com\/portal\/wp-json\/wp\/v2\/media?parent=12766"}],"wp:term":[{"taxonomy":"category","embeddable":true,"href":"https:\/\/tvc16.com\/portal\/wp-json\/wp\/v2\/categories?post=12766"},{"taxonomy":"post_tag","embeddable":true,"href":"https:\/\/tvc16.com\/portal\/wp-json\/wp\/v2\/tags?post=12766"}],"curies":[{"name":"wp","href":"https:\/\/api.w.org\/{rel}","templated":true}]}}