{"id":12769,"date":"2021-04-12T10:46:41","date_gmt":"2021-04-12T13:46:41","guid":{"rendered":"https:\/\/tvc16.com\/portal\/?p=12769"},"modified":"2021-04-12T10:46:43","modified_gmt":"2021-04-12T13:46:43","slug":"ampliacao-de-carencia-do-pronampe-ja-esta-disponivel-na-caixa","status":"publish","type":"post","link":"https:\/\/tvc16.com\/portal\/2021\/04\/12\/ampliacao-de-carencia-do-pronampe-ja-esta-disponivel-na-caixa\/","title":{"rendered":"Amplia\u00e7\u00e3o de car\u00eancia do Pronampe j\u00e1 est\u00e1 dispon\u00edvel na Caixa"},"content":{"rendered":"\n<h3 class=\"wp-block-heading\">O prazo para pagamento do empr\u00e9stimo pode ir de oito para 11 meses<\/h3>\n\n\n\n<h4 class=\"wp-block-heading\">Por Andreia Verd\u00e9lio \u2013 Rep\u00f3rter da Ag\u00eancia Brasil &#8211; Bras\u00edlia<\/h4>\n\n\n\n<p>A partir de hoje (12), empreendedores que contrataram cr\u00e9dito pelo Programa Nacional de Apoio \u00e0s Microempresas e Empresas de Pequeno Porte (Pronampe) na Caixa podem pedir a amplia\u00e7\u00e3o da car\u00eancia para pagamento do empr\u00e9stimo. O prazo pode ir de oito para 11 meses.<img decoding=\"async\" src=\"https:\/\/agenciabrasil.ebc.com.br\/ebc.png?id=1406560&amp;o=node\"><img decoding=\"async\" src=\"https:\/\/agenciabrasil.ebc.com.br\/ebc.gif?id=1406560&amp;o=node\"><\/p>\n\n\n\n<p>De acordo com o banco, o procedimento n\u00e3o altera o prazo total do contrato e pode ser feito pelo Internet Banking da Caixa, no espa\u00e7o destinado aos contratos, na op\u00e7\u00e3o Solicitar Prorroga\u00e7\u00e3o de Pausa Pronampe. Desde o in\u00edcio das contrata\u00e7\u00f5es do Pronampe na Caixa, em junho de 2020, foram financiados R$ 16,4 bilh\u00f5es pelo banco, o que representa 41,7% de todos os contratos firmados no pa\u00eds nessa modalidade.<\/p>\n\n\n\n<p>A amplia\u00e7\u00e3o do prazo de&nbsp;<a href=\"https:\/\/agenciabrasil.ebc.com.br\/economia\/noticia\/2021-03\/empresas-podem-pedir-aumento-de-carencia-para-pagar-pronampe\" target=\"_blank\" rel=\"noreferrer noopener\">car\u00eancia foi autorizada<\/a>&nbsp;por assembleia de cotistas do Fundo Garantidor de Opera\u00e7\u00f5es (FGO) no in\u00edcio de mar\u00e7o. As empresas que desejarem prorrogar a car\u00eancia da linha do Pronampe devem procurar as institui\u00e7\u00f5es financeiras com as quais firmaram os contratos de cr\u00e9dito.<\/p>\n\n\n\n<h2 class=\"wp-block-heading\">Manuten\u00e7\u00e3o de emprego<\/h2>\n\n\n\n<p>O programa foi criado em maio do ano passado pelo governo federal para auxiliar financeiramente os pequenos neg\u00f3cios e, ao mesmo tempo, manter empregos durante a pandemia de covid-19. As empresas beneficiadas assumiram o compromisso de preservar o n\u00famero de funcion\u00e1rios e puderam utilizar os recursos para financiar a atividade empresarial, como investimentos e capital de giro para despesas operacionais.<\/p>\n\n\n\n<p>De acordo com o Minist\u00e9rio da Economia, o programa disponibilizou mais de R$ 37 bilh\u00f5es em financiamentos para quase 520 mil micro e pequenos empreendedores. As contrata\u00e7\u00f5es&nbsp;<a href=\"https:\/\/agenciabrasil.ebc.com.br\/economia\/noticia\/2020-12\/termina-hoje-programa-de-reducao-de-jornada-e-suspensao-de-contratos\" target=\"_blank\" rel=\"noreferrer noopener\">foram encerradas<\/a>&nbsp;em dezembro de 2020, mas, na semana passada, o governo federal enviou um projeto ao Congresso Nacional que&nbsp;<a href=\"https:\/\/agenciabrasil.ebc.com.br\/politica\/noticia\/2021-04\/governo-envia-projeto-para-reabertura-do-pronampe-e-do-bem\" target=\"_blank\" rel=\"noreferrer noopener\">permite a retomada do programa<\/a>&nbsp;para este ano.<\/p>\n\n\n\n<p>Tamb\u00e9m est\u00e1 em tramita\u00e7\u00e3o no Congresso um projeto que torna o Pronampe uma pol\u00edtica oficial e permanente de cr\u00e9dito. O texto foi&nbsp;<a href=\"https:\/\/agenciabrasil.ebc.com.br\/politica\/noticia\/2021-03\/senado-aprova-carater-permanente-do-pronampe\" target=\"_blank\" rel=\"noreferrer noopener\">aprovado no Senado<\/a>&nbsp;e est\u00e1 em an\u00e1lise na C\u00e2mara.<\/p>\n\n\n\n<p>Edi\u00e7\u00e3o: Denise Griesinger<\/p>\n","protected":false},"excerpt":{"rendered":"<p>O prazo para pagamento do empr\u00e9stimo pode ir de oito para 11 meses Por Andreia<\/p>\n","protected":false},"author":2,"featured_media":12770,"comment_status":"open","ping_status":"open","sticky":false,"template":"","format":"standard","meta":{"footnotes":""},"categories":[17],"tags":[],"class_list":["post-12769","post","type-post","status-publish","format-standard","has-post-thumbnail","hentry","category-outras-noticias"],"_links":{"self":[{"href":"https:\/\/tvc16.com\/portal\/wp-json\/wp\/v2\/posts\/12769","targetHints":{"allow":["GET"]}}],"collection":[{"href":"https:\/\/tvc16.com\/portal\/wp-json\/wp\/v2\/posts"}],"about":[{"href":"https:\/\/tvc16.com\/portal\/wp-json\/wp\/v2\/types\/post"}],"author":[{"embeddable":true,"href":"https:\/\/tvc16.com\/portal\/wp-json\/wp\/v2\/users\/2"}],"replies":[{"embeddable":true,"href":"https:\/\/tvc16.com\/portal\/wp-json\/wp\/v2\/comments?post=12769"}],"version-history":[{"count":1,"href":"https:\/\/tvc16.com\/portal\/wp-json\/wp\/v2\/posts\/12769\/revisions"}],"predecessor-version":[{"id":12771,"href":"https:\/\/tvc16.com\/portal\/wp-json\/wp\/v2\/posts\/12769\/revisions\/12771"}],"wp:featuredmedia":[{"embeddable":true,"href":"https:\/\/tvc16.com\/portal\/wp-json\/wp\/v2\/media\/12770"}],"wp:attachment":[{"href":"https:\/\/tvc16.com\/portal\/wp-json\/wp\/v2\/media?parent=12769"}],"wp:term":[{"taxonomy":"category","embeddable":true,"href":"https:\/\/tvc16.com\/portal\/wp-json\/wp\/v2\/categories?post=12769"},{"taxonomy":"post_tag","embeddable":true,"href":"https:\/\/tvc16.com\/portal\/wp-json\/wp\/v2\/tags?post=12769"}],"curies":[{"name":"wp","href":"https:\/\/api.w.org\/{rel}","templated":true}]}}