{"id":1277,"date":"2020-09-25T16:09:59","date_gmt":"2020-09-25T16:09:59","guid":{"rendered":"https:\/\/tvc16.com\/portal\/?p=1277"},"modified":"2020-09-25T16:09:59","modified_gmt":"2020-09-25T16:09:59","slug":"dia-nacional-do-radio-adequacao-ao-meio-digital-e-superacao-na-pandemia-acompanhe-as-principais-vitorias-do-radio-brasileiro","status":"publish","type":"post","link":"https:\/\/tvc16.com\/portal\/2020\/09\/25\/dia-nacional-do-radio-adequacao-ao-meio-digital-e-superacao-na-pandemia-acompanhe-as-principais-vitorias-do-radio-brasileiro\/","title":{"rendered":"Dia Nacional do R\u00e1dio: adequa\u00e7\u00e3o ao meio digital e supera\u00e7\u00e3o na pandemia, acompanhe as principais vit\u00f3rias do r\u00e1dio brasileiro"},"content":{"rendered":"\n<p>Considerado o ve\u00edculo da emo\u00e7\u00e3o, por levar informa\u00e7\u00e3o, utilidade p\u00fablica e divers\u00e3o aos lares de toda fam\u00edlia, o r\u00e1dio brasileiro comemora seu dia neste 25 de setembro. A data \u00e9 festejada pelo jornalista Daniel Starck, CEO do portal Tudo R\u00e1dio, como de extrema import\u00e2ncia, pois se trata do meio de comunica\u00e7\u00e3o de maior alcance do planeta, no qual, 90% da popula\u00e7\u00e3o ouve r\u00e1dio semanalmente.<\/p>\n\n\n\n<p>\u201cDesde o in\u00edcio da populariza\u00e7\u00e3o da internet, o r\u00e1dio vem com essa tecnologia, sempre dispon\u00edvel com streaming de \u00e1udio e agora possibilitando outras integra\u00e7\u00f5es em formatos diferentes na entrega de conte\u00fado. Seja por meio de uma rede social, onde as pessoas est\u00e3o, o r\u00e1dio est\u00e1. Tamb\u00e9m h\u00e1 outras plataformas de entregas de \u00e1udio, como os podcasts e at\u00e9 transmiss\u00f5es em v\u00eddeo de algumas de suas atra\u00e7\u00f5es, portais de internet e aplicativos\u201d, destacou.<\/p>\n\n\n\n<p>Ainda segundo Stark, al\u00e9m de ter conseguido se fortalecer com a chegada do meio digital e online, o r\u00e1dio tamb\u00e9m mostrou sua capacidade e efici\u00eancia, mesmo diante dos problemas causados pela pandemia do novo coronav\u00edrus. Apesar de considerar que houve redu\u00e7\u00e3o no faturamento, o ve\u00edculo apresentou aumento em rela\u00e7\u00e3o \u00e0 audi\u00eancia.<\/p>\n\n\n\n<p>\u201cN\u00e3o s\u00f3 no Brasil, mas l\u00e1 fora, o tempo m\u00e9dio em que os ouvintes ficam dedicados a uma emissora de r\u00e1dio, aumentou. J\u00e1 o alcance, ou foi mantido, ou aumentou em alguns locais, mesmo com uma menor circula\u00e7\u00e3o das pessoas no in\u00edcio da pandemia. Esse crescimento de audi\u00eancia tem muito a ver com o papel que o r\u00e1dio desempenha para a popula\u00e7\u00e3o. Ele \u00e9 um grande companheiro, prestador de servi\u00e7o e tem credibilidade\u201d, avaliou Starck.<\/p>\n\n\n\n<figure class=\"wp-block-image\"><img decoding=\"async\" src=\"\/\/s3-sa-east-1.amazonaws.com\/agencia-radio-arb\/2910\/content_consumo-radio.png\" alt=\"\" title=\"Brasil 61\"\/><\/figure>\n\n\n\n<p>O radialista, Nilson Bittar, da Rede Mais FM comemora a data lembrando que, aos 7 anos de idade, quando morava na zona rural do estado de Goi\u00e1s, ouvia grandes locutores e falava que queria ser do r\u00e1dio. Ele conta que at\u00e9 dormia com o aparelho na cama. O problema eram as surras do pai por quebrar o r\u00e1dio enquanto estava desacordado.<\/p>\n\n\n\n<p>\u201cEu pegava o r\u00e1dio do meu pai escondido, levava para a cama, colocava perto do travesseiro e ouvia as r\u00e1dios de S\u00e3o Paulo. Acreditem, eu dormia, rolava e o r\u00e1dio caia e quebrava. Eu tomei tr\u00eas surras, porque era um neg\u00f3cio louco quebrar um r\u00e1dio dentro daquelas condi\u00e7\u00f5es. Mas realmente era um sonho que eu tinha\u201d, lembrou Bittar.<\/p>\n\n\n\n<h2 class=\"wp-block-heading\">R\u00e1dios comunit\u00e1rias<\/h2>\n\n\n\n<p>Neste dia Nacional do R\u00e1dio, a educadora da rede Mocoronga de Comunica\u00e7\u00e3o Popular, Elis Lucien, d\u00e1 um destaque especial para as emissoras comunit\u00e1rias. Ela acredita que, pela proximidade que essas r\u00e1dios t\u00eam com a popula\u00e7\u00e3o, o apelo da sociedade \u00e9 atendido com maior celeridade.<\/p>\n\n\n\n<p>\u201cSe n\u00e3o fossem as r\u00e1dios comunit\u00e1rias, v\u00e1rias quest\u00f5es sociais de dentro da pr\u00f3pria comunidade n\u00e3o iam \u00e0 tona para outras emissoras. O Brasil d\u00e1 a not\u00edcia que ele gostaria de dar, mas a r\u00e1dio comunit\u00e1ria d\u00e1 a not\u00edcia que o pr\u00f3prio receptor nos envia para falar. Esse \u00e9 o elo dessa grande transforma\u00e7\u00e3o, da relev\u00e2ncia da comunica\u00e7\u00e3o comunit\u00e1ria\u201d, considerou Elis.<\/p>\n\n\n\n<h2 class=\"wp-block-heading\">Dados do r\u00e1dio no Brasil<\/h2>\n\n\n\n<p>Dados do Inside R\u00e1dio 2019 revelam que, de 13 regi\u00f5es metropolitanas pesquisadas, 83% da popula\u00e7\u00e3o ouve r\u00e1dio. Al\u00e9m disso, 3 a cada 5 pessoas sintonizam em alguma emissora diariamente. Cada ouvinte passa em m\u00e9dia 4h30min por dia ouvindo r\u00e1dio.<\/p>\n\n\n\n<p>Quando a an\u00e1lise \u00e9 feita em quatro regi\u00f5es no pa\u00eds, a plataforma mostra ainda mais o seu potencial. No Nordeste brasileiro, por exemplo, 83% das pessoas s\u00e3o ouvintes de r\u00e1dio. A m\u00e9dia \u00e9 a mesma percebida no Sudeste do pa\u00eds. Esse volume aumenta um pouco quando passamos para o Sul, onde 85% da popula\u00e7\u00e3o tem costume de ouvir r\u00e1dio. J\u00e1 no Centro-Oeste, o \u00edndice \u00e9 de 81%.<\/p>\n\n\n\n<p>Fonte: <a href=\"https:\/\/brasil61.com\/noticias\/dia-nacional-do-radio-adequacao-ao-meio-digital-e-superacao-na-pandemia-acompanhe-as-principais-vitorias-do-radio-brasileiro-bras201975\" target=\"_blank\" rel=\"noreferrer noopener\">Brasil 61<\/a><\/p>\n","protected":false},"excerpt":{"rendered":"<p>Considerado o ve\u00edculo da emo\u00e7\u00e3o, por levar informa\u00e7\u00e3o, utilidade p\u00fablica e divers\u00e3o aos lares de<\/p>\n","protected":false},"author":2,"featured_media":1278,"comment_status":"open","ping_status":"open","sticky":false,"template":"","format":"standard","meta":{"footnotes":""},"categories":[17],"tags":[],"class_list":["post-1277","post","type-post","status-publish","format-standard","has-post-thumbnail","hentry","category-outras-noticias"],"_links":{"self":[{"href":"https:\/\/tvc16.com\/portal\/wp-json\/wp\/v2\/posts\/1277","targetHints":{"allow":["GET"]}}],"collection":[{"href":"https:\/\/tvc16.com\/portal\/wp-json\/wp\/v2\/posts"}],"about":[{"href":"https:\/\/tvc16.com\/portal\/wp-json\/wp\/v2\/types\/post"}],"author":[{"embeddable":true,"href":"https:\/\/tvc16.com\/portal\/wp-json\/wp\/v2\/users\/2"}],"replies":[{"embeddable":true,"href":"https:\/\/tvc16.com\/portal\/wp-json\/wp\/v2\/comments?post=1277"}],"version-history":[{"count":1,"href":"https:\/\/tvc16.com\/portal\/wp-json\/wp\/v2\/posts\/1277\/revisions"}],"predecessor-version":[{"id":1279,"href":"https:\/\/tvc16.com\/portal\/wp-json\/wp\/v2\/posts\/1277\/revisions\/1279"}],"wp:featuredmedia":[{"embeddable":true,"href":"https:\/\/tvc16.com\/portal\/wp-json\/wp\/v2\/media\/1278"}],"wp:attachment":[{"href":"https:\/\/tvc16.com\/portal\/wp-json\/wp\/v2\/media?parent=1277"}],"wp:term":[{"taxonomy":"category","embeddable":true,"href":"https:\/\/tvc16.com\/portal\/wp-json\/wp\/v2\/categories?post=1277"},{"taxonomy":"post_tag","embeddable":true,"href":"https:\/\/tvc16.com\/portal\/wp-json\/wp\/v2\/tags?post=1277"}],"curies":[{"name":"wp","href":"https:\/\/api.w.org\/{rel}","templated":true}]}}