{"id":12776,"date":"2021-04-12T14:40:00","date_gmt":"2021-04-12T17:40:00","guid":{"rendered":"https:\/\/tvc16.com\/portal\/?p=12776"},"modified":"2021-04-12T14:40:04","modified_gmt":"2021-04-12T17:40:04","slug":"prefeitura-adota-projeto-piloto-com-equipamento-para-melhorar-oxigenacao-de-pacientes-com-covid-19","status":"publish","type":"post","link":"https:\/\/tvc16.com\/portal\/2021\/04\/12\/prefeitura-adota-projeto-piloto-com-equipamento-para-melhorar-oxigenacao-de-pacientes-com-covid-19\/","title":{"rendered":"Prefeitura adota projeto piloto com equipamento para melhorar oxigena\u00e7\u00e3o de pacientes com Covid-19"},"content":{"rendered":"\n<p>Com o objetivo de oferecer um suporte menos invasivo para o tratamento de pacientes com covid-19 e acelerar a recupera\u00e7\u00e3o daqueles que precisam de ventila\u00e7\u00e3o mec\u00e2nica, a Secretaria Municipal de Sa\u00fade est\u00e1 iniciando um projeto piloto com a utiliza\u00e7\u00e3o do helmet \u2013 um tipo de capacete que oferece suporte respirat\u00f3rio de forma mais confort\u00e1vel para tratamento de pacientes internados com covid-19 na rede p\u00fablica. <\/p>\n\n\n\n<p>O equipamento, j\u00e1 utilizado em pa\u00edses como It\u00e1lia, pode substituir a m\u00e1scara de ventila\u00e7\u00e3o orofacial e ajudar a reduzir o agravamento de casos moderados, reduzindo a evolu\u00e7\u00e3o para quadros graves, e evitando por vezes que os pacientes precisem ser intubados. Os equipamentos come\u00e7aram a ser utilizados esta semana em unidades p\u00fablicas.<\/p>\n\n\n\n<p><br>\u201cTodos os esfor\u00e7os est\u00e3o sendo feitos para que possamos salvar vidas. Temos ampliado leitos e trabalhado para estruturar a rede de sa\u00fade, de forma que possamos atender os pacientes da melhor forma. A utiliza\u00e7\u00e3o deste equipamento \u00e9 mais um passo nesta dire\u00e7\u00e3o\u201d, considera o prefeito interino Hingo Hammes.<\/p>\n\n\n\n<p><br>Por enquanto, a rede tem 10 equipamentos doados pela sociedade civil, que j\u00e1 est\u00e3o sendo utilizados em tr\u00eas unidade de sa\u00fade: UPA Cascatinha, Hospital Alcides Carneiro e Hospital Nossa Senhora Aparecida.<\/p>\n\n\n\n<p><br>\u201cS\u00e3o equipamentos utilizados de acordo com a avalia\u00e7\u00e3o de cada caso e que poder\u00e3o ajudar a conter o agravamento dos casos, evitando que pacientes precisem de intuba\u00e7\u00e3o, e que tamb\u00e9m reduzem o risco de propaga\u00e7\u00e3o do v\u00edrus dentro das unidades\u201d, destaca o secret\u00e1rio de Sa\u00fade, Alo\u00edsio Barbosa da Silva Filho.<\/p>\n\n\n\n<p><br>O coordenador de fisioterapia na UPA Cascatinha, Fabiano Cabral de Andrade, considera que al\u00e9m de dar mais conforto ao paciente, o equipamento permite que o tratamento seja aplicado por at\u00e9 24 horas, o que tamb\u00e9m contribui para acelerar a recupera\u00e7\u00e3o. <\/p>\n\n\n\n<p>\u201c\u00c9 um equipamento mais confort\u00e1vel, que permite que o paciente receba \u00e1gua e alimenta\u00e7\u00e3o, por exemplo. Com ele conseguimos ampliar a m\u00e9dia de tempo de tratamento de 2h pelo m\u00e9todo tradicional (m\u00e1scara ortofacial), para 24h, que acelera o processo de recupera\u00e7\u00e3o\u201d, explica, destacando que o uso do equipamento \u00e9 indicado a pacientes eletivos. &#8220;Come\u00e7amos em pacientes com caso moderados para evitar o agravamento do quadro da doen\u00e7a&#8221; assinala.<\/p>\n","protected":false},"excerpt":{"rendered":"<p>Com o objetivo de oferecer um suporte menos invasivo para o tratamento de pacientes com<\/p>\n","protected":false},"author":2,"featured_media":12777,"comment_status":"open","ping_status":"open","sticky":false,"template":"","format":"standard","meta":{"footnotes":""},"categories":[12],"tags":[],"class_list":["post-12776","post","type-post","status-publish","format-standard","has-post-thumbnail","hentry","category-cidade"],"_links":{"self":[{"href":"https:\/\/tvc16.com\/portal\/wp-json\/wp\/v2\/posts\/12776","targetHints":{"allow":["GET"]}}],"collection":[{"href":"https:\/\/tvc16.com\/portal\/wp-json\/wp\/v2\/posts"}],"about":[{"href":"https:\/\/tvc16.com\/portal\/wp-json\/wp\/v2\/types\/post"}],"author":[{"embeddable":true,"href":"https:\/\/tvc16.com\/portal\/wp-json\/wp\/v2\/users\/2"}],"replies":[{"embeddable":true,"href":"https:\/\/tvc16.com\/portal\/wp-json\/wp\/v2\/comments?post=12776"}],"version-history":[{"count":1,"href":"https:\/\/tvc16.com\/portal\/wp-json\/wp\/v2\/posts\/12776\/revisions"}],"predecessor-version":[{"id":12778,"href":"https:\/\/tvc16.com\/portal\/wp-json\/wp\/v2\/posts\/12776\/revisions\/12778"}],"wp:featuredmedia":[{"embeddable":true,"href":"https:\/\/tvc16.com\/portal\/wp-json\/wp\/v2\/media\/12777"}],"wp:attachment":[{"href":"https:\/\/tvc16.com\/portal\/wp-json\/wp\/v2\/media?parent=12776"}],"wp:term":[{"taxonomy":"category","embeddable":true,"href":"https:\/\/tvc16.com\/portal\/wp-json\/wp\/v2\/categories?post=12776"},{"taxonomy":"post_tag","embeddable":true,"href":"https:\/\/tvc16.com\/portal\/wp-json\/wp\/v2\/tags?post=12776"}],"curies":[{"name":"wp","href":"https:\/\/api.w.org\/{rel}","templated":true}]}}