{"id":12779,"date":"2021-04-12T15:24:10","date_gmt":"2021-04-12T18:24:10","guid":{"rendered":"https:\/\/tvc16.com\/portal\/?p=12779"},"modified":"2021-04-12T15:24:13","modified_gmt":"2021-04-12T18:24:13","slug":"prefeitura-prorroga-medidas-restritivas-ate-o-dia-19-de-abril","status":"publish","type":"post","link":"https:\/\/tvc16.com\/portal\/2021\/04\/12\/prefeitura-prorroga-medidas-restritivas-ate-o-dia-19-de-abril\/","title":{"rendered":"Prefeitura prorroga medidas restritivas at\u00e9 o dia 19 de abril"},"content":{"rendered":"\n<p>Foto ilustrativa <\/p>\n\n\n\n<p>A Prefeitura est\u00e1 prorrogando por mais uma semana as medidas restritivas em fun\u00e7\u00e3o da covid-19. O decreto que ser\u00e1 publicado nesta segunda-feira (12) mant\u00e9m bares fechados, trabalhando apenas com sistema delivery e take-away. Continua vedado o funcionamento de casas de festas e eventos e a perman\u00eancia de pessoas nas vias, \u00e1reas e pra\u00e7as p\u00fablicas das 22h \u00e0s 5h. Pontos tur\u00edsticos, cinemas e parques, assim como espa\u00e7os de recrea\u00e7\u00e3o infantil e \u00e1reas de lazer de clubes, hot\u00e9is e pousadas tamb\u00e9m n\u00e3o podem funcionar.<\/p>\n\n\n\n<p>O acesso de ve\u00edculos de excurs\u00e3o permanece proibido, ficando a entrada na cidade restrita, nas barreiras sanit\u00e1rias, a moradores que comprovarem resid\u00eancia, trabalhadores que venham prestar servi\u00e7os essenciais na cidade ou pessoas que tenham voucher de lojas dos polos de moda da Rua Teresa, Bingen, Feirinha de Itaipava e Centro Hist\u00f3rico ou da rede hoteleira.<\/p>\n\n\n\n<p>Mesmo os estabelecimentos autorizados a funcionar t\u00eam restri\u00e7\u00f5es, estando obrigados a limitar a ocupa\u00e7\u00e3o, exigir o uso de m\u00e1scaras, oferecer \u00e1lcool em gel e cumprir as regras que fixam os hor\u00e1rios de funcionamento. Essa capacidade m\u00e1xima leva em conta a \u00e1rea do estabelecimento, que \u00e9 utilizada para calcular o n\u00famero m\u00e1ximo de clientes que podem estar no espa\u00e7o simultaneamente. O objetivo \u00e9 garantir o distanciamento de 1,5 metro entre as pessoas, conforme orientam as autoridades de sa\u00fade.<\/p>\n\n\n\n<p>De acordo com o decreto, o funcionamento de clubes sociais e esportivos e servi\u00e7os de lazer, permanecem vedados. Apenas atividades esportivas individuais e os que n\u00e3o geram aglomera\u00e7\u00f5es est\u00e3o permitidas. Museus, galerias, bibliotecas, cinemas, teatros, casas de espet\u00e1culos, salas de apresenta\u00e7\u00e3o, sal\u00f5es de jogos, recrea\u00e7\u00e3o infantil, atividades de entretenimento e exposi\u00e7\u00f5es de arte seguem fechados.<\/p>\n\n\n\n<p>Decreto vale at\u00e9 dia 19<\/p>\n\n\n\n<p>O novo decreto ter\u00e1 validade at\u00e9 o pr\u00f3ximo dia 19 e, at\u00e9 l\u00e1, o munic\u00edpio seguir\u00e1 analisando os dados para definir quais ser\u00e3o as pr\u00f3ximas medidas. Por enquanto, os estabelecimentos autorizados a funcionar, como com\u00e9rcio e restaurante, devem observar as exig\u00eancias referentes as medidas de isolamento, distanciamento interno e externo, assepsias e a\u00e7\u00f5es protetivas de empregados e clientes, como lota\u00e7\u00e3o, distanciamento de 1,5 metro entre as mesas para, no m\u00e1ximo quatro pessoas. O consumo de bebidas \u00e9 permitido apenas a clientes que estejam sentados. Tamb\u00e9m \u00e9 necess\u00e1rio manter vis\u00edvel, na entrada, cartaz com informa\u00e7\u00e3o sobre ocupa\u00e7\u00e3o m\u00e1xima, levando em conta a metragem do espa\u00e7o, assegurando o distanciamento necess\u00e1rio entre as pessoas.<\/p>\n\n\n\n<p>O prefeito interino Hingo Hammes voltou a pedir que a popula\u00e7\u00e3o mantenha os cuidados para evitar a dissemina\u00e7\u00e3o do coronav\u00edrus. \u201c\u00c9 importante que todos mantenham os cuidados, evitando aglomera\u00e7\u00f5es e s\u00f3 saindo de casa se necess\u00e1rio. Quando sair, o uso de m\u00e1scara \u00e9 indispens\u00e1vel, assim como o distanciamento e a higieniza\u00e7\u00e3o das m\u00e3os\u201d, diz, lembrando que a Prefeitura vem cobrando a entrega de remessas maiores da vacina para que seja poss\u00edvel ampliar as a\u00e7\u00f5es de imuniza\u00e7\u00e3o.<\/p>\n","protected":false},"excerpt":{"rendered":"<p>Foto ilustrativa A Prefeitura est\u00e1 prorrogando por mais uma semana as medidas restritivas em fun\u00e7\u00e3o<\/p>\n","protected":false},"author":2,"featured_media":12780,"comment_status":"open","ping_status":"open","sticky":false,"template":"","format":"standard","meta":{"footnotes":""},"categories":[12],"tags":[],"class_list":["post-12779","post","type-post","status-publish","format-standard","has-post-thumbnail","hentry","category-cidade"],"_links":{"self":[{"href":"https:\/\/tvc16.com\/portal\/wp-json\/wp\/v2\/posts\/12779","targetHints":{"allow":["GET"]}}],"collection":[{"href":"https:\/\/tvc16.com\/portal\/wp-json\/wp\/v2\/posts"}],"about":[{"href":"https:\/\/tvc16.com\/portal\/wp-json\/wp\/v2\/types\/post"}],"author":[{"embeddable":true,"href":"https:\/\/tvc16.com\/portal\/wp-json\/wp\/v2\/users\/2"}],"replies":[{"embeddable":true,"href":"https:\/\/tvc16.com\/portal\/wp-json\/wp\/v2\/comments?post=12779"}],"version-history":[{"count":1,"href":"https:\/\/tvc16.com\/portal\/wp-json\/wp\/v2\/posts\/12779\/revisions"}],"predecessor-version":[{"id":12781,"href":"https:\/\/tvc16.com\/portal\/wp-json\/wp\/v2\/posts\/12779\/revisions\/12781"}],"wp:featuredmedia":[{"embeddable":true,"href":"https:\/\/tvc16.com\/portal\/wp-json\/wp\/v2\/media\/12780"}],"wp:attachment":[{"href":"https:\/\/tvc16.com\/portal\/wp-json\/wp\/v2\/media?parent=12779"}],"wp:term":[{"taxonomy":"category","embeddable":true,"href":"https:\/\/tvc16.com\/portal\/wp-json\/wp\/v2\/categories?post=12779"},{"taxonomy":"post_tag","embeddable":true,"href":"https:\/\/tvc16.com\/portal\/wp-json\/wp\/v2\/tags?post=12779"}],"curies":[{"name":"wp","href":"https:\/\/api.w.org\/{rel}","templated":true}]}}