{"id":12792,"date":"2021-04-12T21:10:49","date_gmt":"2021-04-13T00:10:49","guid":{"rendered":"https:\/\/tvc16.com\/portal\/?p=12792"},"modified":"2021-04-12T21:10:51","modified_gmt":"2021-04-13T00:10:51","slug":"mais-15-mortes-por-covid-19-sao-confirmadas-em-petropolis","status":"publish","type":"post","link":"https:\/\/tvc16.com\/portal\/2021\/04\/12\/mais-15-mortes-por-covid-19-sao-confirmadas-em-petropolis\/","title":{"rendered":"Mais 15 mortes por covid-19 s\u00e3o confirmadas em Petr\u00f3polis"},"content":{"rendered":"\n<p>O Setor de Epidemiologia incluiu mais 15 \u00f3bitos de pacientes na base de dados da Secretaria de Sa\u00fade, nesta segunda-feira (12). Destes, 12 s\u00e3o pessoas internadas no m\u00eas de mar\u00e7o. O boletim epidemiol\u00f3gico mostra que Petr\u00f3polis fez, at\u00e9 agora, 135.676 testes para Covid-19, com 27.120 resultados positivos e 104.759 negativos (levando em considera\u00e7\u00e3o testes r\u00e1pidos e Swab).<\/p>\n\n\n\n<p>Neste momento, 160 pessoas est\u00e3o internadas em leitos de UTI privados e pelo SUS. Outras 170 est\u00e3o em leitos cl\u00ednicos, considerando leitos privados e SUS, totalizando assim, 330 interna\u00e7\u00f5es em toda a rede da cidade. A ocupa\u00e7\u00e3o de leitos cl\u00ednicos pelo SUS \u00e9 de 74,02% e 86,89% em leitos de UTI.<\/p>\n\n\n\n<p>A Secretaria de Sa\u00fade esclarece que o n\u00famero de \u00f3bitos, hoje em 805, \u00e9 atualizado nos boletins apenas ap\u00f3s o registro do atestado de \u00f3bito e do resultado do exame do paciente no sistema da Vigil\u00e2ncia Epidemiol\u00f3gica, o que \u00e9 feito por equipe administrativa. Trata-se de medida de seguran\u00e7a para evitar erro na informa\u00e7\u00e3o divulgada pela Secretaria de Sa\u00fade.<\/p>\n\n\n\n<p>A Secretaria acrescenta, ainda, que trabalha na atualiza\u00e7\u00e3o de dados de notifica\u00e7\u00f5es e casos em an\u00e1lise no sistema, inserindo ainda dados n\u00e3o lan\u00e7ados no fim do ano passado. \u00c9 poss\u00edvel acompanhar a evolu\u00e7\u00e3o dos casos no portal da transpar\u00eancia do coronav\u00edrus, no site da Prefeitura (www.petropolis.rj.gov.br)<\/p>\n\n\n\n<p>\u00d3bitos registrados:<\/p>\n\n\n\n<p>Mulher, 65 anos, moradora no Quissam\u00e3. Internada em 25\/03 na UPA Centro e transferida para o HNSA. \u00d3bito registrado em 26\/03 no HNSA. Paciente com neoplasia hep\u00e1tica.<br>Homem, 84 anos, morador em Pedro do Rio. Internado em 22\/03 na UPA Cascatinha e transferido para o HNSA. \u00d3bito registrado em 01\/04 no HNSA. Paciente com hipertens\u00e3o arterial e diabete.<br>Mulher, 53 anos, moradora na Castel\u00e2nea. Internada em 28\/03 no HST. \u00d3bito registrado em 02\/04 no HST. Paciente sem comorbidades.<br>Homem, 57, morador no Quarteir\u00e3o Brasileiro. Internado em 12\/03 na UPA Cascatinha e transferido para o HNSA. \u00d3bito registrado em 02\/04 no HNSA. Paciente com hipertens\u00e3o arterial.<br>Mulher, 87 anos, moradora na Mosela. Internada em 04\/04 no HST. \u00d3bito registrado em 05\/04 no HST. Paciente c\u00e2ncer de mama.<br>Homem, 68 anos, morador no Bataillard. Internado em 17\/03 no HST. \u00d3bito registrado em 05\/04 no HST. Paciente com hipertens\u00e3o arterial e diabete.<br>Mulher, 75 anos, moradora no Alto da Serra. Internada em 31\/03 no Hospital Unimed. \u00d3bito registrado em 06\/04 no Hospital Unimed. Paciente com doen\u00e7a renal cr\u00f4nica e doen\u00e7a cardiovascular cr\u00f4nica.<br>Homem, 46 anos, morador em Corr\u00eaas. Internado em 28\/03 no HMNSE. \u00d3bito registrado em 06\/04 no HMNSE. Paciente com doen\u00e7a cardiovascular cr\u00f4nica.<br>Mulher, 73 anos, morador na Mosela. Internada em 28\/03 na UPA Itaipava e transferida para o HNSA. \u00d3bito registrado em 06\/04 no HNSA. Paciente hipertens\u00e3o arterial e diabete.<br>Mulher, 84 anos, moradora no Samambaia. Internada em 25\/03 no HST. \u00d3bito registrado em 07\/04 no HST. Paciente hipertens\u00e3o arterial.<br>Mulher, 35 anos, moradora no Alto da Serra. Internada em 03\/04 no PSLS e transferida para o HNSA. \u00d3bito registrado em 09\/04 no HNSA. Paciente com obesidade e hipertens\u00e3o arterial.<br>Homem, 38 anos, morador no Alto da Serra. Internado em 25\/03 na UPA Cascatinha e transferido para o SMH. \u00d3bito registrado em 09\/04 no SMH. Paciente com doen\u00e7a pulmonar obstrutiva cr\u00f4nica, obesidade, diabete e hipertens\u00e3o arterial.<br>Mulher, 72 anos, moradora no Vila Rica. Internada em 19\/03 na UPA Itaipava e transferida para o HNSA. \u00d3bito registrado em 09\/04 no HNSA. Paciente com hipertens\u00e3o arterial e diabete.<br>Mulher, 61 anos, moradora no Quarteir\u00e3o Brasileiro. Internada em 03\/04 na UPA Cascatinha e transferida para o HAC. \u00d3bito registrado em 09\/04 no HAC. Paciente com diabete e hipertens\u00e3o arterial.<br>Mulher, 74 anos, moradora em Madame Machado. Internada em 22\/03 no PSLS e transferida para o HMNSE. \u00d3bito registrado em 10\/04 no HMNSE. Paciente com hipertens\u00e3o arterial e diabete.<\/p>\n","protected":false},"excerpt":{"rendered":"<p>O Setor de Epidemiologia incluiu mais 15 \u00f3bitos de pacientes na base de dados da<\/p>\n","protected":false},"author":2,"featured_media":12793,"comment_status":"open","ping_status":"open","sticky":false,"template":"","format":"standard","meta":{"footnotes":""},"categories":[12],"tags":[],"class_list":["post-12792","post","type-post","status-publish","format-standard","has-post-thumbnail","hentry","category-cidade"],"_links":{"self":[{"href":"https:\/\/tvc16.com\/portal\/wp-json\/wp\/v2\/posts\/12792","targetHints":{"allow":["GET"]}}],"collection":[{"href":"https:\/\/tvc16.com\/portal\/wp-json\/wp\/v2\/posts"}],"about":[{"href":"https:\/\/tvc16.com\/portal\/wp-json\/wp\/v2\/types\/post"}],"author":[{"embeddable":true,"href":"https:\/\/tvc16.com\/portal\/wp-json\/wp\/v2\/users\/2"}],"replies":[{"embeddable":true,"href":"https:\/\/tvc16.com\/portal\/wp-json\/wp\/v2\/comments?post=12792"}],"version-history":[{"count":1,"href":"https:\/\/tvc16.com\/portal\/wp-json\/wp\/v2\/posts\/12792\/revisions"}],"predecessor-version":[{"id":12794,"href":"https:\/\/tvc16.com\/portal\/wp-json\/wp\/v2\/posts\/12792\/revisions\/12794"}],"wp:featuredmedia":[{"embeddable":true,"href":"https:\/\/tvc16.com\/portal\/wp-json\/wp\/v2\/media\/12793"}],"wp:attachment":[{"href":"https:\/\/tvc16.com\/portal\/wp-json\/wp\/v2\/media?parent=12792"}],"wp:term":[{"taxonomy":"category","embeddable":true,"href":"https:\/\/tvc16.com\/portal\/wp-json\/wp\/v2\/categories?post=12792"},{"taxonomy":"post_tag","embeddable":true,"href":"https:\/\/tvc16.com\/portal\/wp-json\/wp\/v2\/tags?post=12792"}],"curies":[{"name":"wp","href":"https:\/\/api.w.org\/{rel}","templated":true}]}}