{"id":12798,"date":"2021-04-13T09:06:17","date_gmt":"2021-04-13T12:06:17","guid":{"rendered":"https:\/\/tvc16.com\/portal\/?p=12798"},"modified":"2021-04-13T09:06:20","modified_gmt":"2021-04-13T12:06:20","slug":"a-imponente-sagrada-familia-de-gaudi","status":"publish","type":"post","link":"https:\/\/tvc16.com\/portal\/2021\/04\/13\/a-imponente-sagrada-familia-de-gaudi\/","title":{"rendered":"A imponente Sagrada Fam\u00edlia de Gaud\u00ed"},"content":{"rendered":"\n<p><strong>Sandra Brito Writer &amp; Traveller<\/strong><\/p>\n\n\n\n<p>Se voc\u00ea estivesse em Barcelona e tivesse tempo para apenas um passeio tur\u00edstico, sua escolha deveria ser esta. A imponente Sagrada Fam\u00edlia de Gaud\u00ed, listada pela Unesco, inspira uma admira\u00e7\u00e3o profunda por sua verticalidade absoluta e, um dos motivos que mais nos surpreende, \u00e9 o fato de ela ainda estar em constru\u00e7\u00e3o. As obras come\u00e7aram em 1882 e a expectativa \u00e9 que terminem em 2026, um s\u00e9culo ap\u00f3s a morte de seu famoso arquiteto. Ainda que esteja inacabada, a catedral atrai mais de 4,5 milh\u00f5es de visitantes por ano e \u00e9 o monumento mais visitado da Espanha. O Papa Bento XVI consagrou a ent\u00e3o igreja como uma bas\u00edlica, em uma cerim\u00f4nia grandiosa, em novembro de 2010.<\/p>\n\n\n\n<figure class=\"wp-block-image size-large\"><img loading=\"lazy\" decoding=\"async\" width=\"1024\" height=\"683\" src=\"https:\/\/tvc16.com\/portal\/wp-content\/uploads\/2021\/04\/SF2-1024x683.jpg\" alt=\"\" class=\"wp-image-12800\" srcset=\"https:\/\/tvc16.com\/portal\/wp-content\/uploads\/2021\/04\/SF2-1024x683.jpg 1024w, https:\/\/tvc16.com\/portal\/wp-content\/uploads\/2021\/04\/SF2-300x200.jpg 300w, https:\/\/tvc16.com\/portal\/wp-content\/uploads\/2021\/04\/SF2-768x512.jpg 768w, https:\/\/tvc16.com\/portal\/wp-content\/uploads\/2021\/04\/SF2-900x600.jpg 900w, https:\/\/tvc16.com\/portal\/wp-content\/uploads\/2021\/04\/SF2.jpg 1200w\" sizes=\"auto, (max-width: 1024px) 100vw, 1024px\" \/><\/figure>\n\n\n\n<p>O Templo Expiat\u00f3rio da Sagrada Fam\u00edlia era a obsess\u00e3o que consumia Antoni Gaud\u00ed. Recebendo a comiss\u00e3o de uma sociedade conservadora que desejava construir um templo como expia\u00e7\u00e3o pelos pecados da modernidade da cidade, Gaud\u00ed viu sua conclus\u00e3o como sua miss\u00e3o sagrada. Quando os fundos para a constru\u00e7\u00e3o se esgotaram, ele contribuiu com seus pr\u00f3prios recursos e, nos \u00faltimos anos de sua vida, n\u00e3o sentiu vergonha de implorar ajuda a qualquer pessoa que considerasse um prov\u00e1vel doador. Ao todo, Gaud\u00ed passou 43 anos trabalhando na Sagrada Fam\u00edlia.<\/p>\n\n\n\n<figure class=\"wp-block-image size-large\"><img loading=\"lazy\" decoding=\"async\" width=\"700\" height=\"467\" src=\"https:\/\/tvc16.com\/portal\/wp-content\/uploads\/2021\/04\/SF3.jpg\" alt=\"\" class=\"wp-image-12801\" srcset=\"https:\/\/tvc16.com\/portal\/wp-content\/uploads\/2021\/04\/SF3.jpg 700w, https:\/\/tvc16.com\/portal\/wp-content\/uploads\/2021\/04\/SF3-300x200.jpg 300w\" sizes=\"auto, (max-width: 700px) 100vw, 700px\" \/><\/figure>\n\n\n\n<p>Gaud\u00ed idealizou um templo de 95m de comprimento e 60m de largura, com capacidade para acomodar mais de 13.000 pessoas, com uma torre central a 170m de altura representando Cristo) e outras 17 torres, cada uma com 100m ou mais. Ao longo das tr\u00eas fachadas, vemos 12 torres que representam os 12 ap\u00f3stolos, enquanto as cinco restantes representam a Virgem Maria e os quatro evangelistas. Por sua antipatia inata \u00e0s linhas excessivamente retas (Gaud\u00ed dizia que n\u00e3o havia nada na natureza t\u00e3o reto), o arquiteto deu \u00e0s suas torres contornos mais arredondados, quase inchados, inspirados nos picos incomuns da montanha sagrada de Montserrat (pr\u00f3ximo a Barcelona), e as incrustou com um emaranhado de esculturas pr\u00f3prias e \u00fanicas.<\/p>\n\n\n\n<p>Com a morte de Gaud\u00ed, apenas a cripta, as paredes, um portal e uma torre foram conclu\u00eddos. Mais tr\u00eas torres foram adicionadas em 1930, completando a fachada nordeste (chamada Natividade).<\/p>\n\n\n\n<figure class=\"wp-block-image size-large\"><img loading=\"lazy\" decoding=\"async\" width=\"724\" height=\"1024\" src=\"https:\/\/tvc16.com\/portal\/wp-content\/uploads\/2021\/04\/SF5.jpg\" alt=\"\" class=\"wp-image-12804\" srcset=\"https:\/\/tvc16.com\/portal\/wp-content\/uploads\/2021\/04\/SF5.jpg 724w, https:\/\/tvc16.com\/portal\/wp-content\/uploads\/2021\/04\/SF5-212x300.jpg 212w\" sizes=\"auto, (max-width: 724px) 100vw, 724px\" \/><\/figure>\n\n\n\n<p>Em 1936, anarquistas queimaram e destru\u00edram todo o interior, incluindo as oficinas de trabalho e muitos dos planos e modelos originais de Gaud\u00ed. O trabalho recome\u00e7ou em 1952, mas a controv\u00e9rsia sempre atrapalhou o progresso. Os oponentes da continua\u00e7\u00e3o do projeto afirmam que os modelos baseados nos poucos planos de Gaud\u00ed que sobreviveram \u00e0 ira dos anarquistas levaram \u00e0 cria\u00e7\u00e3o de um monstro que pouco tinham a ver com os planos e o estilo de Gaud\u00ed. \u00c9 um debate que parece ter pouca esperan\u00e7a de resolu\u00e7\u00e3o, estimulado pela ideia de que Gaud\u00ed muitas vezes mudava e adaptava seus projetos \u00e0 medida que eles avan\u00e7avam. Alheio a todos os argumentos favor\u00e1veis e contr\u00e1rios \u00e0 continuidade das obras, o fasc\u00ednio que a bas\u00edlica desperta \u00e9 ineg\u00e1vel.<\/p>\n\n\n\n<figure class=\"wp-block-image size-large\"><img loading=\"lazy\" decoding=\"async\" width=\"576\" height=\"1024\" src=\"https:\/\/tvc16.com\/portal\/wp-content\/uploads\/2021\/04\/SF6-576x1024.jpg\" alt=\"\" class=\"wp-image-12805\" srcset=\"https:\/\/tvc16.com\/portal\/wp-content\/uploads\/2021\/04\/SF6-576x1024.jpg 576w, https:\/\/tvc16.com\/portal\/wp-content\/uploads\/2021\/04\/SF6-169x300.jpg 169w, https:\/\/tvc16.com\/portal\/wp-content\/uploads\/2021\/04\/SF6-768x1365.jpg 768w, https:\/\/tvc16.com\/portal\/wp-content\/uploads\/2021\/04\/SF6-864x1536.jpg 864w, https:\/\/tvc16.com\/portal\/wp-content\/uploads\/2021\/04\/SF6-1152x2048.jpg 1152w, https:\/\/tvc16.com\/portal\/wp-content\/uploads\/2021\/04\/SF6-scaled.jpg 1440w\" sizes=\"auto, (max-width: 576px) 100vw, 576px\" \/><\/figure>\n\n\n\n<p>Antes mesmo de ser conclu\u00edda, algumas das partes mais antigas da igreja exigiram obras de restaura\u00e7\u00e3o. No interior, as obras de cobertura da igreja foram conclu\u00eddas em 2010. O telhado \u00e9 sustentado por uma floresta de pilares angulares inovadores e extraordin\u00e1rios. Conforme os pilares se elevam em dire\u00e7\u00e3o ao teto, eles parecem brotar uma teia de galhos de suporte, criando o efeito de uma copa de floresta. A imagem da \u00e1rvore n\u00e3o \u00e9 gratuita &#8211; Gaud\u00ed imaginou tal efeito. Tudo foi pensado, incluindo a forma e a localiza\u00e7\u00e3o das janelas para criar o efeito mosqueado que se veria com a luz do sol se derramando pelos galhos de uma floresta densa.<\/p>\n\n\n\n<figure class=\"wp-block-image size-large\"><img loading=\"lazy\" decoding=\"async\" width=\"924\" height=\"1024\" src=\"https:\/\/tvc16.com\/portal\/wp-content\/uploads\/2021\/04\/SF7-924x1024.jpg\" alt=\"\" class=\"wp-image-12806\" srcset=\"https:\/\/tvc16.com\/portal\/wp-content\/uploads\/2021\/04\/SF7-924x1024.jpg 924w, https:\/\/tvc16.com\/portal\/wp-content\/uploads\/2021\/04\/SF7-271x300.jpg 271w, https:\/\/tvc16.com\/portal\/wp-content\/uploads\/2021\/04\/SF7-768x851.jpg 768w, https:\/\/tvc16.com\/portal\/wp-content\/uploads\/2021\/04\/SF7-1386x1536.jpg 1386w, https:\/\/tvc16.com\/portal\/wp-content\/uploads\/2021\/04\/SF7.jpg 1597w\" sizes=\"auto, (max-width: 924px) 100vw, 924px\" \/><\/figure>\n\n\n\n<p>Os pilares s\u00e3o de quatro tipos diferentes de pedra. Eles variam em cor e resist\u00eancia: desde os pilares de pedra macia de Montjuic ao longo dos corredores laterais at\u00e9 o granito, basalto cinza escuro e finalmente p\u00f3rfiro iraniano tingido de Borgonha para as colunas principais na intersec\u00e7\u00e3o da nave e do transepto. Os vitrais, divididos em tons de vermelho, azul, verde, amarelo e ocre, criam uma atmosfera m\u00e1gica e hipn\u00f3tica quando o sol bate nas janelas.<\/p>\n\n\n\n<figure class=\"wp-block-image size-large\"><img loading=\"lazy\" decoding=\"async\" width=\"1024\" height=\"576\" src=\"https:\/\/tvc16.com\/portal\/wp-content\/uploads\/2021\/04\/SF8-1024x576.jpg\" alt=\"\" class=\"wp-image-12807\" srcset=\"https:\/\/tvc16.com\/portal\/wp-content\/uploads\/2021\/04\/SF8-1024x576.jpg 1024w, https:\/\/tvc16.com\/portal\/wp-content\/uploads\/2021\/04\/SF8-300x169.jpg 300w, https:\/\/tvc16.com\/portal\/wp-content\/uploads\/2021\/04\/SF8-768x432.jpg 768w, https:\/\/tvc16.com\/portal\/wp-content\/uploads\/2021\/04\/SF8.jpg 1090w\" sizes=\"auto, (max-width: 1024px) 100vw, 1024px\" \/><\/figure>\n\n\n\n<p>A fachada do pres\u00e9pio nordestino \u00e9 o pin\u00e1culo art\u00edstico do edif\u00edcio, criado principalmente sob a supervis\u00e3o pessoal de Gaud\u00ed. Fazendo sua reserva pr\u00e9via, voc\u00ea pode subir no alto das quatro torres por uma combina\u00e7\u00e3o de elevadores e escadas em espiral estreitas &#8211; uma experi\u00eancia divertida e vertiginosa. Subir escadas n\u00e3o \u00e9 recomendado a gr\u00e1vidas ou a pessoas com problemas card\u00edacos e\/ou respirat\u00f3rios.<\/p>\n\n\n\n<figure class=\"wp-block-image size-large\"><img loading=\"lazy\" decoding=\"async\" width=\"576\" height=\"1024\" src=\"https:\/\/tvc16.com\/portal\/wp-content\/uploads\/2021\/04\/SF9-576x1024.jpg\" alt=\"\" class=\"wp-image-12808\" srcset=\"https:\/\/tvc16.com\/portal\/wp-content\/uploads\/2021\/04\/SF9-576x1024.jpg 576w, https:\/\/tvc16.com\/portal\/wp-content\/uploads\/2021\/04\/SF9-169x300.jpg 169w, https:\/\/tvc16.com\/portal\/wp-content\/uploads\/2021\/04\/SF9.jpg 720w\" sizes=\"auto, (max-width: 576px) 100vw, 576px\" \/><\/figure>\n\n\n\n<p>As torres s\u00e3o destinadas a receber sinos tubulares capazes de tocar m\u00fasica em alt\u00edssimo volume. Suas partes superiores s\u00e3o cuidadosamente decoradas com mosaicos que soletram &#8221;Sanctus, Sanctus, Sanctus, Hosanna in Excelsis, Amen, Alleluia&#8221;. Quando foi questionado sobre o motivo de tanto cuidado com os topos das torres, j\u00e1 que ningu\u00e9m os observaria de perto, Gaud\u00ed respondeu: &#8221;Os anjos v\u00e3o v\u00ea-los&#8221;.<\/p>\n\n\n\n<figure class=\"wp-block-image size-large\"><img loading=\"lazy\" decoding=\"async\" width=\"1024\" height=\"893\" src=\"https:\/\/tvc16.com\/portal\/wp-content\/uploads\/2021\/04\/SF10-1024x893.jpg\" alt=\"\" class=\"wp-image-12809\" srcset=\"https:\/\/tvc16.com\/portal\/wp-content\/uploads\/2021\/04\/SF10-1024x893.jpg 1024w, https:\/\/tvc16.com\/portal\/wp-content\/uploads\/2021\/04\/SF10-300x262.jpg 300w, https:\/\/tvc16.com\/portal\/wp-content\/uploads\/2021\/04\/SF10-768x670.jpg 768w, https:\/\/tvc16.com\/portal\/wp-content\/uploads\/2021\/04\/SF10.jpg 1200w\" sizes=\"auto, (max-width: 1024px) 100vw, 1024px\" \/><\/figure>\n\n\n\n<p>Tr\u00eas se\u00e7\u00f5es do portal representam, da esquerda para a direita, Esperan\u00e7a, Caridade e F\u00e9. Entre a floresta de esculturas do portal da Caridade avista-se, na parte de baixo, a manjedoura rodeada por um boi, um asno, os pastores, reis, anjos e m\u00fasicos. Cerca de 30 esp\u00e9cies diferentes de plantas de toda a Catalunha foram reproduzidas aqui, e os rostos das muitas figuras s\u00e3o tirados de moldes de gesso feitos de pessoas da regi\u00e3o e tamb\u00e9m de moldes de cad\u00e1veres do necrot\u00e9rio local.<\/p>\n\n\n\n<figure class=\"wp-block-image size-large\"><img loading=\"lazy\" decoding=\"async\" width=\"1024\" height=\"768\" src=\"https:\/\/tvc16.com\/portal\/wp-content\/uploads\/2021\/04\/SF11.jpg\" alt=\"\" class=\"wp-image-12810\" srcset=\"https:\/\/tvc16.com\/portal\/wp-content\/uploads\/2021\/04\/SF11.jpg 1024w, https:\/\/tvc16.com\/portal\/wp-content\/uploads\/2021\/04\/SF11-300x225.jpg 300w, https:\/\/tvc16.com\/portal\/wp-content\/uploads\/2021\/04\/SF11-768x576.jpg 768w, https:\/\/tvc16.com\/portal\/wp-content\/uploads\/2021\/04\/SF11-200x150.jpg 200w\" sizes=\"auto, (max-width: 1024px) 100vw, 1024px\" \/><\/figure>\n\n\n\n<p>Diretamente acima do vitral azul est\u00e1 a Anuncia\u00e7\u00e3o \u00e0 Maria do arcanjo Gabriel. No topo est\u00e1 um cipreste verde, um ref\u00fagio em uma tempestade para as pombas brancas da paz pontilhadas sobre ele. O mosaico do pin\u00e1culo das torres \u00e9 feito com vidro murano de Veneza.<\/p>\n\n\n\n<figure class=\"wp-block-image size-large\"><img loading=\"lazy\" decoding=\"async\" width=\"1024\" height=\"681\" src=\"https:\/\/tvc16.com\/portal\/wp-content\/uploads\/2021\/04\/SF12-1024x681.jpg\" alt=\"\" class=\"wp-image-12811\" srcset=\"https:\/\/tvc16.com\/portal\/wp-content\/uploads\/2021\/04\/SF12-1024x681.jpg 1024w, https:\/\/tvc16.com\/portal\/wp-content\/uploads\/2021\/04\/SF12-300x200.jpg 300w, https:\/\/tvc16.com\/portal\/wp-content\/uploads\/2021\/04\/SF12-768x511.jpg 768w, https:\/\/tvc16.com\/portal\/wp-content\/uploads\/2021\/04\/SF12-1536x1022.jpg 1536w, https:\/\/tvc16.com\/portal\/wp-content\/uploads\/2021\/04\/SF12-900x600.jpg 900w, https:\/\/tvc16.com\/portal\/wp-content\/uploads\/2021\/04\/SF12.jpg 2000w\" sizes=\"auto, (max-width: 1024px) 100vw, 1024px\" \/><\/figure>\n\n\n\n<p>\u00c0 direita da fachada est\u00e1 o curioso claustro de estilo g\u00f3tico anexado ao exterior da igreja (em vez do cl\u00e1ssico recinto quadrado dos grandes mosteiros da igreja g\u00f3tica). Seu portal conclu\u00eddo em 1897 \u00e9 considerado um guia feito por Gaud\u00ed para os futuros construtores. Uma vez l\u00e1 dentro, olhe para tr\u00e1s para a entrada primorosamente decorada. No lado inferior direito, voc\u00ea notar\u00e1 a escultura de um dem\u00f4nio reptiliano oferecendo uma bomba a um trabalhador. Barcelona era regularmente abalada pela viol\u00eancia pol\u00edtica e os bombardeios eram frequentes nas d\u00e9cadas anteriores \u00e0 guerra civil. A escultura \u00e9 uma entre muitas sobre o tema &#8221;tenta\u00e7\u00f5es de homens e mulheres&#8221;.<\/p>\n\n\n\n<figure class=\"wp-block-image size-large\"><img loading=\"lazy\" decoding=\"async\" width=\"682\" height=\"1024\" src=\"https:\/\/tvc16.com\/portal\/wp-content\/uploads\/2021\/04\/SF13-1.jpg\" alt=\"\" class=\"wp-image-12813\" srcset=\"https:\/\/tvc16.com\/portal\/wp-content\/uploads\/2021\/04\/SF13-1.jpg 682w, https:\/\/tvc16.com\/portal\/wp-content\/uploads\/2021\/04\/SF13-1-200x300.jpg 200w\" sizes=\"auto, (max-width: 682px) 100vw, 682px\" \/><\/figure>\n\n\n\n<p>A fachada sudoeste da Paix\u00e3o, sobre o tema dos \u00faltimos dias de Cristo e de sua morte, foi constru\u00edda entre 1954 e 1978 a partir de desenhos originais sobreviventes de Gaud\u00ed, com quatro torres e um grande portal enfeitado com esculturas &#8211; mas s\u00f3 foi oficialmente conclu\u00edda em 2018. O falecido escultor Josep Maria Subirachs trabalhou em sua decora\u00e7\u00e3o de 1986 a 2006. Ele n\u00e3o tentou imitar Gaud\u00ed, em vez disso, produziu imagens angulares e controversas de sua autoria.<\/p>\n\n\n\n<figure class=\"wp-block-image size-large\"><img loading=\"lazy\" decoding=\"async\" width=\"980\" height=\"564\" src=\"https:\/\/tvc16.com\/portal\/wp-content\/uploads\/2021\/04\/SF14.jpg\" alt=\"\" class=\"wp-image-12814\" srcset=\"https:\/\/tvc16.com\/portal\/wp-content\/uploads\/2021\/04\/SF14.jpg 980w, https:\/\/tvc16.com\/portal\/wp-content\/uploads\/2021\/04\/SF14-300x173.jpg 300w, https:\/\/tvc16.com\/portal\/wp-content\/uploads\/2021\/04\/SF14-768x442.jpg 768w\" sizes=\"auto, (max-width: 980px) 100vw, 980px\" \/><\/figure>\n\n\n\n<p>As principais s\u00e9ries de esculturas, em tr\u00eas n\u00edveis, est\u00e3o em uma sequ\u00eancia em forma de S, come\u00e7ando com a \u00daltima Ceia no canto inferior esquerdo, passando por Cristo crucificado no centro superior e terminando com o sepultamento de Cristo no canto superior direito.<\/p>\n\n\n\n<figure class=\"wp-block-image size-large\"><img loading=\"lazy\" decoding=\"async\" width=\"1024\" height=\"768\" src=\"https:\/\/tvc16.com\/portal\/wp-content\/uploads\/2021\/04\/SF15.jpg\" alt=\"\" class=\"wp-image-12815\" srcset=\"https:\/\/tvc16.com\/portal\/wp-content\/uploads\/2021\/04\/SF15.jpg 1024w, https:\/\/tvc16.com\/portal\/wp-content\/uploads\/2021\/04\/SF15-300x225.jpg 300w, https:\/\/tvc16.com\/portal\/wp-content\/uploads\/2021\/04\/SF15-768x576.jpg 768w, https:\/\/tvc16.com\/portal\/wp-content\/uploads\/2021\/04\/SF15-200x150.jpg 200w\" sizes=\"auto, (max-width: 1024px) 100vw, 1024px\" \/><\/figure>\n\n\n\n<p>Tamb\u00e9m com uma reserva antecipada, \u00e9 poss\u00edvel subir em uma das torres do Passion Facade. Caso seu tempo esteja curto, aproveite para explorar tamb\u00e9m o exterior da bas\u00edlica. \u00c9 um verdadeiro museu a c\u00e9u aberto.<\/p>\n\n\n\n<figure class=\"wp-block-image size-large\"><img loading=\"lazy\" decoding=\"async\" width=\"576\" height=\"1024\" src=\"https:\/\/tvc16.com\/portal\/wp-content\/uploads\/2021\/04\/SF16-576x1024.jpg\" alt=\"\" class=\"wp-image-12816\" srcset=\"https:\/\/tvc16.com\/portal\/wp-content\/uploads\/2021\/04\/SF16-576x1024.jpg 576w, https:\/\/tvc16.com\/portal\/wp-content\/uploads\/2021\/04\/SF16-169x300.jpg 169w, https:\/\/tvc16.com\/portal\/wp-content\/uploads\/2021\/04\/SF16-768x1365.jpg 768w, https:\/\/tvc16.com\/portal\/wp-content\/uploads\/2021\/04\/SF16-864x1536.jpg 864w, https:\/\/tvc16.com\/portal\/wp-content\/uploads\/2021\/04\/SF16-1152x2048.jpg 1152w, https:\/\/tvc16.com\/portal\/wp-content\/uploads\/2021\/04\/SF16-scaled.jpg 1440w\" sizes=\"auto, (max-width: 576px) 100vw, 576px\" \/><\/figure>\n\n\n\n<p>Imediatamente em frente \u00e0 Fachada da Paix\u00e3o, as Escolas de Gaud\u00ed constituem uma das joias mais simples do arquiteto. Gaud\u00ed as construiu como escola infantil em 1909, criando um telhado ondulado de tijolo original que continua a encantar os arquitetos at\u00e9 hoje (e traz \u00e0 mente a obra-prima de Gaud\u00ed, La Pedrera).<\/p>\n\n\n\n<p>A Fachada Gl\u00f3ria ser\u00e1, como as outras, coroada por quatro torres &#8211; no total 12 representando os Doze Ap\u00f3stolos. Gaud\u00ed queria que fosse a fachada mais magn\u00edfica da igreja. No interior fica o n\u00e1rtex, uma esp\u00e9cie de vest\u00edbulo composto por 16 &#8216;lanternas&#8217;, uma s\u00e9rie de formas retratadas por cones. A decora\u00e7\u00e3o posterior far\u00e1 de todo o edif\u00edcio um s\u00edmbolo microc\u00f3smico da igreja crist\u00e3, com Cristo representado por uma enorme torre central de 170 m acima do transepto e as cinco torres restantes em constru\u00e7\u00e3o simbolizando a Virgem Maria e os quatro evangelistas.<\/p>\n\n\n\n<figure class=\"wp-block-image size-large\"><img loading=\"lazy\" decoding=\"async\" width=\"700\" height=\"400\" src=\"https:\/\/tvc16.com\/portal\/wp-content\/uploads\/2021\/04\/SF18.jpg\" alt=\"\" class=\"wp-image-12818\" srcset=\"https:\/\/tvc16.com\/portal\/wp-content\/uploads\/2021\/04\/SF18.jpg 700w, https:\/\/tvc16.com\/portal\/wp-content\/uploads\/2021\/04\/SF18-300x171.jpg 300w\" sizes=\"auto, (max-width: 700px) 100vw, 700px\" \/><\/figure>\n\n\n\n<p>Aberto ao mesmo tempo que a igreja, o Museu Gaud\u00ed, abaixo do n\u00edvel do solo ao lado da Fachada da Paix\u00e3o, serpenteia por materiais interessantes sobre a vida de Gaud\u00ed e outras obras, bem como uma recria\u00e7\u00e3o de seu modesto escrit\u00f3rio como era quando ele morreu e explica\u00e7\u00f5es sobre os padr\u00f5es e planos geom\u00e9tricos no centro de suas t\u00e9cnicas de constru\u00e7\u00e3o. Voc\u00ea pode ver um bom exemplo de seus modelos de linha de prumo que lhe mostraram as tens\u00f5es e esfor\u00e7os que ele poderia enfrentar na constru\u00e7\u00e3o. Um corredor lateral em dire\u00e7\u00e3o ao extremo leste do museu leva a uma janela acima da cripta simples na qual o g\u00eanio est\u00e1 enterrado.<\/p>\n\n\n\n<figure class=\"wp-block-image size-large\"><img loading=\"lazy\" decoding=\"async\" width=\"400\" height=\"600\" src=\"https:\/\/tvc16.com\/portal\/wp-content\/uploads\/2021\/04\/SF19.jpg\" alt=\"\" class=\"wp-image-12819\" srcset=\"https:\/\/tvc16.com\/portal\/wp-content\/uploads\/2021\/04\/SF19.jpg 400w, https:\/\/tvc16.com\/portal\/wp-content\/uploads\/2021\/04\/SF19-200x300.jpg 200w\" sizes=\"auto, (max-width: 400px) 100vw, 400px\" \/><\/figure>\n\n\n\n<p>A cripta neog\u00f3tica, onde agora s\u00e3o celebradas as missas, s\u00f3 pode ser acessada pela Carrer de Sardenya; \u00e9 a parte mais antiga de toda a estrutura e, em grande parte, obra do antecessor de Gaud\u00ed, Francisco de Paula del Villar y Lozano.<\/p>\n\n\n\n<figure class=\"wp-block-image size-large\"><img loading=\"lazy\" decoding=\"async\" width=\"700\" height=\"465\" src=\"https:\/\/tvc16.com\/portal\/wp-content\/uploads\/2021\/04\/SF20.jpg\" alt=\"\" class=\"wp-image-12820\" srcset=\"https:\/\/tvc16.com\/portal\/wp-content\/uploads\/2021\/04\/SF20.jpg 700w, https:\/\/tvc16.com\/portal\/wp-content\/uploads\/2021\/04\/SF20-300x199.jpg 300w\" sizes=\"auto, (max-width: 700px) 100vw, 700px\" \/><\/figure>\n\n\n\n<p>Embora ainda sejam essencialmente um local de constru\u00e7\u00e3o, as se\u00e7\u00f5es conclu\u00eddas e o museu podem ser explorados \u00e0 vontade. H\u00e1 visitas guiadas de 50 minutos em v\u00e1rias l\u00ednguas, mas voc\u00ea tamb\u00e9m pode reservar bilhetes com \u00e1udio-guias. H\u00e1 tamb\u00e9m ingressos que incluem \u00e1udio-guia e passeio (por elevador e escada) dentro das torres das fachadas do Pres\u00e9pio ou da Paix\u00e3o; no entanto, essas excurs\u00f5es \u00e0 torre devem ser reservadas on-line com bastante anteced\u00eancia, pois a procura \u00e9 grande. Para n\u00e3o haver surpresas, o melhor \u00e9 reservar todos os ingressos antes de sua viagem.<\/p>\n\n\n\n<figure class=\"wp-block-image size-large\"><img loading=\"lazy\" decoding=\"async\" width=\"700\" height=\"467\" src=\"https:\/\/tvc16.com\/portal\/wp-content\/uploads\/2021\/04\/SF21-2.jpg\" alt=\"\" class=\"wp-image-12827\" srcset=\"https:\/\/tvc16.com\/portal\/wp-content\/uploads\/2021\/04\/SF21-2.jpg 700w, https:\/\/tvc16.com\/portal\/wp-content\/uploads\/2021\/04\/SF21-2-300x200.jpg 300w\" sizes=\"auto, (max-width: 700px) 100vw, 700px\" \/><\/figure>\n\n\n\n<figure class=\"wp-block-image size-large\"><img loading=\"lazy\" decoding=\"async\" width=\"700\" height=\"445\" src=\"https:\/\/tvc16.com\/portal\/wp-content\/uploads\/2021\/04\/SF22-1.jpg\" alt=\"\" class=\"wp-image-12826\" srcset=\"https:\/\/tvc16.com\/portal\/wp-content\/uploads\/2021\/04\/SF22-1.jpg 700w, https:\/\/tvc16.com\/portal\/wp-content\/uploads\/2021\/04\/SF22-1-300x191.jpg 300w\" sizes=\"auto, (max-width: 700px) 100vw, 700px\" \/><\/figure>\n\n\n\n<figure class=\"wp-block-image size-large\"><img loading=\"lazy\" decoding=\"async\" width=\"1024\" height=\"576\" src=\"https:\/\/tvc16.com\/portal\/wp-content\/uploads\/2021\/04\/SF24-1-1024x576.jpg\" alt=\"\" class=\"wp-image-12829\" srcset=\"https:\/\/tvc16.com\/portal\/wp-content\/uploads\/2021\/04\/SF24-1-1024x576.jpg 1024w, https:\/\/tvc16.com\/portal\/wp-content\/uploads\/2021\/04\/SF24-1-300x169.jpg 300w, https:\/\/tvc16.com\/portal\/wp-content\/uploads\/2021\/04\/SF24-1-768x432.jpg 768w, https:\/\/tvc16.com\/portal\/wp-content\/uploads\/2021\/04\/SF24-1-1536x864.jpg 1536w, https:\/\/tvc16.com\/portal\/wp-content\/uploads\/2021\/04\/SF24-1-2048x1152.jpg 2048w\" sizes=\"auto, (max-width: 1024px) 100vw, 1024px\" \/><\/figure>\n","protected":false},"excerpt":{"rendered":"<p>Sandra Brito Writer &amp; Traveller Se voc\u00ea estivesse em Barcelona e tivesse tempo para apenas<\/p>\n","protected":false},"author":2,"featured_media":12799,"comment_status":"open","ping_status":"open","sticky":false,"template":"","format":"standard","meta":{"footnotes":""},"categories":[16],"tags":[],"class_list":["post-12798","post","type-post","status-publish","format-standard","has-post-thumbnail","hentry","category-colunistas"],"_links":{"self":[{"href":"https:\/\/tvc16.com\/portal\/wp-json\/wp\/v2\/posts\/12798","targetHints":{"allow":["GET"]}}],"collection":[{"href":"https:\/\/tvc16.com\/portal\/wp-json\/wp\/v2\/posts"}],"about":[{"href":"https:\/\/tvc16.com\/portal\/wp-json\/wp\/v2\/types\/post"}],"author":[{"embeddable":true,"href":"https:\/\/tvc16.com\/portal\/wp-json\/wp\/v2\/users\/2"}],"replies":[{"embeddable":true,"href":"https:\/\/tvc16.com\/portal\/wp-json\/wp\/v2\/comments?post=12798"}],"version-history":[{"count":1,"href":"https:\/\/tvc16.com\/portal\/wp-json\/wp\/v2\/posts\/12798\/revisions"}],"predecessor-version":[{"id":12830,"href":"https:\/\/tvc16.com\/portal\/wp-json\/wp\/v2\/posts\/12798\/revisions\/12830"}],"wp:featuredmedia":[{"embeddable":true,"href":"https:\/\/tvc16.com\/portal\/wp-json\/wp\/v2\/media\/12799"}],"wp:attachment":[{"href":"https:\/\/tvc16.com\/portal\/wp-json\/wp\/v2\/media?parent=12798"}],"wp:term":[{"taxonomy":"category","embeddable":true,"href":"https:\/\/tvc16.com\/portal\/wp-json\/wp\/v2\/categories?post=12798"},{"taxonomy":"post_tag","embeddable":true,"href":"https:\/\/tvc16.com\/portal\/wp-json\/wp\/v2\/tags?post=12798"}],"curies":[{"name":"wp","href":"https:\/\/api.w.org\/{rel}","templated":true}]}}