{"id":1280,"date":"2020-09-25T16:11:53","date_gmt":"2020-09-25T16:11:53","guid":{"rendered":"https:\/\/tvc16.com\/portal\/?p=1280"},"modified":"2020-09-25T16:11:53","modified_gmt":"2020-09-25T16:11:53","slug":"candidatos-negros-e-pardos-devem-ser-minoria-nas-eleicoes-deste-ano-segundo-dados-preliminares-do-tse","status":"publish","type":"post","link":"https:\/\/tvc16.com\/portal\/2020\/09\/25\/candidatos-negros-e-pardos-devem-ser-minoria-nas-eleicoes-deste-ano-segundo-dados-preliminares-do-tse\/","title":{"rendered":"Candidatos negros e pardos devem ser minoria nas elei\u00e7\u00f5es deste ano, segundo dados preliminares do TSE"},"content":{"rendered":"\n<p>Dados preliminares sobre o perfil dos candidatos nas elei\u00e7\u00f5es municipais deste ano sugerem que o total de negros e pardos podem diminuir em compara\u00e7\u00e3o ao pleito de 2016. O levantamento \u00e9 do Tribunal Superior Eleitoral (TSE). Enquanto nas elei\u00e7\u00f5es de 2016, negros e pardos totalizavam 47,76% dos postulantes, neste ano, por enquanto, esse percentual alcan\u00e7ou 41,03%.\u00a0<\/p>\n\n\n\n<p>O n\u00famero deve sofrer alguma modifica\u00e7\u00e3o, j\u00e1 que termina \u00e0s 19h do pr\u00f3ximo s\u00e1bado (26), o prazo para que partidos pol\u00edticos e coliga\u00e7\u00f5es enviem o requerimento de registros de candidatos.&nbsp;<\/p>\n\n\n\n<p>Na \u00faltima quarta-feira (23), dirigentes partid\u00e1rios, em reuni\u00e3o com o presidente do TSE, Lu\u00eds Roberto Barroso, reclamaram da regra de distribui\u00e7\u00e3o proporcional de recursos de campanha entre candidatos negros e brancos. Segundo eles, n\u00e3o h\u00e1 tempo h\u00e1bil para implementa\u00e7\u00e3o da medida j\u00e1 neste ano.<\/p>\n\n\n\n<p>Barroso tem sido um defensor enf\u00e1tico da divis\u00e3o igualit\u00e1ria de recursos e fez um discurso contundente sobre o tema quando o TSE deliberou a mat\u00e9ria, em agosto deste ano. \u201cH\u00e1 momentos na vida em que cada um precisa escolher de que lado da hist\u00f3ria est\u00e1. Hoje, n\u00f3s do TSE estamos do lado dos que combatem o racismo. Estamos ao lado de quem quer escrever a hist\u00f3ria do Brasil com tintas de todas as cores.&#8221;&nbsp;<\/p>\n\n\n\n<p>A norma, que segundo determina\u00e7\u00e3o do TSE deveria come\u00e7ar a valer em 2022, ser\u00e1 obrigat\u00f3ria a partir das elei\u00e7\u00f5es deste ano. Isso ocorrer\u00e1 por conta de uma liminar expedida no come\u00e7o do m\u00eas pelo ministro do Supremo Tribunal Federal (STF) Ricardo Lewandowski obrigando a aplica\u00e7\u00e3o da regra neste ano.&nbsp;<\/p>\n\n\n\n<h2 class=\"wp-block-heading\">G\u00eanero<\/h2>\n\n\n\n<p>No que diz respeito ao g\u00eanero, as mulheres continuar\u00e3o a ser minoria nas elei\u00e7\u00f5es deste ano, apesar de uma leve melhora em quatro anos. Em 2016, elas representavam 31,9% dos concorrentes. Neste ano, segundo os dados preliminares, ser\u00e3o 33,1% do total de candidatos.&nbsp;<\/p>\n\n\n\n<p>Para Carlos Enrique Bastos, mestre e doutor em Direito Constitucional pela Universidade Complutense de Madrid, na Espanha, a determina\u00e7\u00e3o da Justi\u00e7a Eleitoral de 2018 que obriga partidos a destinarem um percentual m\u00ednimo de 30% para candidaturas femininas foi bastante importante para aumentar o n\u00famero de mulheres que concorrem a cargos pol\u00edticos.<\/p>\n\n\n\n<p>\u201cEsse percentual de 30%, sem d\u00favida nenhuma, fez com que as candidaturas femininas pudessem contar com alguma viabilidade. Sem esse financiamento, possivelmente elas n\u00e3o alcan\u00e7ariam \u00eaxito [para se candidatarem].\u201d&nbsp;<\/p>\n\n\n\n<p><strong><a href=\"https:\/\/brasil61.com\/noticias\/tse-rejeita-punicao-para-abuso-de-poder-religioso-nas-eleicoes-bras201437\" target=\"_blank\" rel=\"noreferrer noopener\">TSE rejeita puni\u00e7\u00e3o para abuso de poder religioso nas elei\u00e7\u00f5es<\/a><\/strong><\/p>\n\n\n\n<p><strong><a href=\"https:\/\/brasil61.com\/noticias\/curso-com-base-no-meio-digital-ajuda-profissionais-a-otimizarem-estrategias-durante-campanha-eleitoral-bras201591\" target=\"_blank\" rel=\"noreferrer noopener\">Curso com base no meio digital ajuda profissionais a otimizarem estrat\u00e9gias durante campanha eleitoral<\/a><\/strong><\/p>\n\n\n\n<h2 class=\"wp-block-heading\">Profiss\u00f5es<\/h2>\n\n\n\n<p>A ocupa\u00e7\u00e3o de agricultor aparece em primeiro lugar no rol de profiss\u00f5es que mais aparecem entre os candidatos nas elei\u00e7\u00f5es deste ano, com 7,12% do total, seguida pelo cargo de servidor p\u00fablico municipal (34,29%), empres\u00e1rio (30,91%) e comerciante (27,58%).&nbsp;<\/p>\n\n\n\n<figure class=\"wp-block-image\"><img decoding=\"async\" src=\"\/\/s3-sa-east-1.amazonaws.com\/agencia-radio-arb\/2911\/content_WhatsApp_Image_2020-09-24_at_17.13.58.jpeg\" alt=\"\"\/><\/figure>\n\n\n\n<p>Fonte: <a href=\"https:\/\/brasil61.com\/noticias\/candidatos-negros-e-pardos-devem-ser-minoria-nas-eleicoes-deste-ano-segundo-dados-preliminares-do-tse-bras201976\" target=\"_blank\" rel=\"noreferrer noopener\">Brasil 61<\/a><\/p>\n","protected":false},"excerpt":{"rendered":"<p>Dados preliminares sobre o perfil dos candidatos nas elei\u00e7\u00f5es municipais deste ano sugerem que o<\/p>\n","protected":false},"author":2,"featured_media":1281,"comment_status":"open","ping_status":"open","sticky":false,"template":"","format":"standard","meta":{"footnotes":""},"categories":[15],"tags":[],"class_list":["post-1280","post","type-post","status-publish","format-standard","has-post-thumbnail","hentry","category-politica"],"_links":{"self":[{"href":"https:\/\/tvc16.com\/portal\/wp-json\/wp\/v2\/posts\/1280","targetHints":{"allow":["GET"]}}],"collection":[{"href":"https:\/\/tvc16.com\/portal\/wp-json\/wp\/v2\/posts"}],"about":[{"href":"https:\/\/tvc16.com\/portal\/wp-json\/wp\/v2\/types\/post"}],"author":[{"embeddable":true,"href":"https:\/\/tvc16.com\/portal\/wp-json\/wp\/v2\/users\/2"}],"replies":[{"embeddable":true,"href":"https:\/\/tvc16.com\/portal\/wp-json\/wp\/v2\/comments?post=1280"}],"version-history":[{"count":1,"href":"https:\/\/tvc16.com\/portal\/wp-json\/wp\/v2\/posts\/1280\/revisions"}],"predecessor-version":[{"id":1282,"href":"https:\/\/tvc16.com\/portal\/wp-json\/wp\/v2\/posts\/1280\/revisions\/1282"}],"wp:featuredmedia":[{"embeddable":true,"href":"https:\/\/tvc16.com\/portal\/wp-json\/wp\/v2\/media\/1281"}],"wp:attachment":[{"href":"https:\/\/tvc16.com\/portal\/wp-json\/wp\/v2\/media?parent=1280"}],"wp:term":[{"taxonomy":"category","embeddable":true,"href":"https:\/\/tvc16.com\/portal\/wp-json\/wp\/v2\/categories?post=1280"},{"taxonomy":"post_tag","embeddable":true,"href":"https:\/\/tvc16.com\/portal\/wp-json\/wp\/v2\/tags?post=1280"}],"curies":[{"name":"wp","href":"https:\/\/api.w.org\/{rel}","templated":true}]}}