{"id":1283,"date":"2020-09-25T18:19:01","date_gmt":"2020-09-25T18:19:01","guid":{"rendered":"https:\/\/tvc16.com\/portal\/?p=1283"},"modified":"2020-09-25T18:19:01","modified_gmt":"2020-09-25T18:19:01","slug":"comerciante-que-perdeu-food-truck-em-incendio-pede-ajuda","status":"publish","type":"post","link":"https:\/\/tvc16.com\/portal\/2020\/09\/25\/comerciante-que-perdeu-food-truck-em-incendio-pede-ajuda\/","title":{"rendered":"Comerciante que perdeu food truck em inc\u00eandio pede ajuda"},"content":{"rendered":"\n<p>Por volta das 11h, de hoje (25), Neder Carreiro Melo, de 40 anos, seguia para o supermercado quando o ve\u00edculo em que estava, uma Kombi food truck, apresentou defeito e pegou fogo, pr\u00f3ximo ao Terminal de Itaipava. O carro ficou destru\u00eddo, assim como todos os equipamentos que eram utilizados pelo comerciante na fabrica\u00e7\u00e3o de hamb\u00fargueres artesanais. O preju\u00edzo estimado \u00e9 de R$ 50 mil.<\/p>\n\n\n\n<p>Por conta do acidente o tr\u00e2nsito no local ficou interrompido durante a a\u00e7\u00e3o dos bombeiros. O Setranspetro informou, que a opera\u00e7\u00e3o dos \u00f4nibus foi restabelecida aos poucos, e que apesar do incidente nenhuma viagem foi perdida.<\/p>\n\n\n\n<p>Amigos do comerciante fazem vaquinha online para ajud\u00e1-lo<\/p>\n\n\n\n<p>O empres\u00e1rio, que trabalha h\u00e1 12 anos no ramo, e de onde tira o sustento da fam\u00edlia, como aluguel e outros gastos, perdeu toda a fonte de renda. Com dois filhos pequenos ele agora n\u00e3o sabe como retomar\u00e1 o trabalho. \u201cEle estava indo comprar os suprimentos para as vendas que seriam feitas hoje \u00e0 noite e aconteceu isso. \u00c9 muito triste!\u201d, lamentou um amigo do comerciante.<\/p>\n\n\n\n<p>Diante da dificuldade uma vaquinha online foi aberta na tentativa de ajudar o comerciante a diminuir os preju\u00edzos, e quem sabe voltar para o mercado de trabalho. <\/p>\n\n\n\n<p>Quem tiver interesse em ajudar, basta acessar o link: <a rel=\"noreferrer noopener\" href=\"https:\/\/www.vakinha.com.br\/vaquinha\/kombi-do-neder?fbclid=IwAR3H2ca-jndyw1CfdVscItjzWPlXS1wSr0vFzongqEPSda9tWdwpshEw8Wg\" target=\"_blank\">https:\/\/www.vakinha.com.br\/vaquinha\/kombi-do-neder&#8230;<\/a>, ou depositar qualquer quantia na conta rec\u00e9m aberta pelo empres\u00e1rio: Banco Ita\u00fa, AG: 8017\/ CC: 27616-6.<\/p>\n","protected":false},"excerpt":{"rendered":"<p>Por volta das 11h, de hoje (25), Neder Carreiro Melo, de 40 anos, seguia para<\/p>\n","protected":false},"author":2,"featured_media":1284,"comment_status":"open","ping_status":"open","sticky":false,"template":"","format":"standard","meta":{"footnotes":""},"categories":[12],"tags":[],"class_list":["post-1283","post","type-post","status-publish","format-standard","has-post-thumbnail","hentry","category-cidade"],"_links":{"self":[{"href":"https:\/\/tvc16.com\/portal\/wp-json\/wp\/v2\/posts\/1283","targetHints":{"allow":["GET"]}}],"collection":[{"href":"https:\/\/tvc16.com\/portal\/wp-json\/wp\/v2\/posts"}],"about":[{"href":"https:\/\/tvc16.com\/portal\/wp-json\/wp\/v2\/types\/post"}],"author":[{"embeddable":true,"href":"https:\/\/tvc16.com\/portal\/wp-json\/wp\/v2\/users\/2"}],"replies":[{"embeddable":true,"href":"https:\/\/tvc16.com\/portal\/wp-json\/wp\/v2\/comments?post=1283"}],"version-history":[{"count":1,"href":"https:\/\/tvc16.com\/portal\/wp-json\/wp\/v2\/posts\/1283\/revisions"}],"predecessor-version":[{"id":1285,"href":"https:\/\/tvc16.com\/portal\/wp-json\/wp\/v2\/posts\/1283\/revisions\/1285"}],"wp:featuredmedia":[{"embeddable":true,"href":"https:\/\/tvc16.com\/portal\/wp-json\/wp\/v2\/media\/1284"}],"wp:attachment":[{"href":"https:\/\/tvc16.com\/portal\/wp-json\/wp\/v2\/media?parent=1283"}],"wp:term":[{"taxonomy":"category","embeddable":true,"href":"https:\/\/tvc16.com\/portal\/wp-json\/wp\/v2\/categories?post=1283"},{"taxonomy":"post_tag","embeddable":true,"href":"https:\/\/tvc16.com\/portal\/wp-json\/wp\/v2\/tags?post=1283"}],"curies":[{"name":"wp","href":"https:\/\/api.w.org\/{rel}","templated":true}]}}