{"id":12831,"date":"2021-04-13T09:09:24","date_gmt":"2021-04-13T12:09:24","guid":{"rendered":"https:\/\/tvc16.com\/portal\/?p=12831"},"modified":"2021-04-13T09:09:29","modified_gmt":"2021-04-13T12:09:29","slug":"assembleia-da-petrobras-aprova-destituicao-de-castello-branco","status":"publish","type":"post","link":"https:\/\/tvc16.com\/portal\/2021\/04\/13\/assembleia-da-petrobras-aprova-destituicao-de-castello-branco\/","title":{"rendered":"Assembleia da Petrobras aprova destitui\u00e7\u00e3o de Castello Branco"},"content":{"rendered":"\n<h3 class=\"wp-block-heading\">Decis\u00e3o foi anunciada em comunicado ao mercado<\/h3>\n\n\n\n<h4 class=\"wp-block-heading\">Por Vladimir Platonow &#8211; Rep\u00f3rter da Ag\u00eancia Brasil &#8211; Rio de Janeiro<\/h4>\n\n\n\n<p>A Petrobras anunciou, em comunicado ao mercado na noite desta segunda-feira (12), a destitui\u00e7\u00e3o de Roberto Castello Branco do cargo de membro do Conselho de Administra\u00e7\u00e3o, o que acarretou na sua sa\u00edda tamb\u00e9m da presid\u00eancia da companhia. O nome indicado pelo presidente Jair Bolsonaro como novo presidente da estatal \u00e9 o do&nbsp;<a href=\"http:\/\/https\/\/agenciabrasil.ebc.com.br\/politica\/noticia\/2021-02\/bolsonaro-indica-joaquim-silva-e-luna-para-presidencia-da-petrobras\" target=\"_blank\" rel=\"noreferrer noopener\">general Joaquim Silva e Luna<\/a>. O an\u00fancio ocorreu ap\u00f3s Assembleia Geral Extraordin\u00e1ria da estatal.<img decoding=\"async\" src=\"https:\/\/agenciabrasil.ebc.com.br\/ebc.png?id=1406658&amp;o=node\"><img decoding=\"async\" src=\"https:\/\/agenciabrasil.ebc.com.br\/ebc.gif?id=1406658&amp;o=node\"><\/p>\n\n\n\n<p>\u201cEm decorr\u00eancia da vac\u00e2ncia na presid\u00eancia da companhia, o presidente do Conselho de Administra\u00e7\u00e3o nomeou como presidente interino da companhia o diretor executivo de Explora\u00e7\u00e3o e Produ\u00e7\u00e3o, Carlos Alberto Pereira de Oliveira, at\u00e9 a elei\u00e7\u00e3o e posse de novo presidente\u201d, informou a companhia.<\/p>\n\n\n\n<p>No comunicado ao mercado, a Petrobras agradeceu \u00e0 gest\u00e3o de Castello Branco, por sua lideran\u00e7a e contribui\u00e7\u00e3o, \u00e0 frente da companhia desde janeiro de 2019.<\/p>\n\n\n\n<p>\u201cRoberto teve um papel fundamental para desalavancagem da companhia, melhoria da aloca\u00e7\u00e3o de capital, com foco nos investimentos em ativos de classe mundial, e acelera\u00e7\u00e3o de desinvestimentos de ativos n\u00e3o priorit\u00e1rios. Atrav\u00e9s da implementa\u00e7\u00e3o dos cinco pilares estrat\u00e9gicos, custos foram reduzidos e configurados para permanecerem em trajet\u00f3ria descendente, houve aumento da produtividade, acelera\u00e7\u00e3o da transforma\u00e7\u00e3o digital, lan\u00e7amento de compromissos de baixo carbono e sustentabilidade, e foco na meritocracia e cria\u00e7\u00e3o de valor\u201d, destacou a Petrobras no comunicado.<\/p>\n\n\n\n<h2 class=\"wp-block-heading\">Assista o coment\u00e1rio do professor Ricardo Caldas para a TV Brasil<\/h2>\n\n\n\n<figure class=\"wp-block-embed is-type-rich is-provider-incorporar-manipulador wp-block-embed-incorporar-manipulador wp-embed-aspect-16-9 wp-has-aspect-ratio\"><div class=\"wp-block-embed__wrapper\">\n<iframe loading=\"lazy\" title=\"Professor Ricardo Caldas comenta mudan\u00e7as na Petrobras\" width=\"640\" height=\"360\" src=\"https:\/\/www.youtube.com\/embed\/vTEpIkuzHNw?feature=oembed\" frameborder=\"0\" allow=\"accelerometer; autoplay; clipboard-write; encrypted-media; gyroscope; picture-in-picture; web-share\" referrerpolicy=\"strict-origin-when-cross-origin\" allowfullscreen><\/iframe>\n<\/div><\/figure>\n\n\n\n<p>Edi\u00e7\u00e3o: F\u00e1bio Massalli<\/p>\n","protected":false},"excerpt":{"rendered":"<p>Decis\u00e3o foi anunciada em comunicado ao mercado Por Vladimir Platonow &#8211; Rep\u00f3rter da Ag\u00eancia Brasil<\/p>\n","protected":false},"author":2,"featured_media":12833,"comment_status":"open","ping_status":"open","sticky":false,"template":"","format":"standard","meta":{"footnotes":""},"categories":[17],"tags":[],"class_list":["post-12831","post","type-post","status-publish","format-standard","has-post-thumbnail","hentry","category-outras-noticias"],"_links":{"self":[{"href":"https:\/\/tvc16.com\/portal\/wp-json\/wp\/v2\/posts\/12831","targetHints":{"allow":["GET"]}}],"collection":[{"href":"https:\/\/tvc16.com\/portal\/wp-json\/wp\/v2\/posts"}],"about":[{"href":"https:\/\/tvc16.com\/portal\/wp-json\/wp\/v2\/types\/post"}],"author":[{"embeddable":true,"href":"https:\/\/tvc16.com\/portal\/wp-json\/wp\/v2\/users\/2"}],"replies":[{"embeddable":true,"href":"https:\/\/tvc16.com\/portal\/wp-json\/wp\/v2\/comments?post=12831"}],"version-history":[{"count":1,"href":"https:\/\/tvc16.com\/portal\/wp-json\/wp\/v2\/posts\/12831\/revisions"}],"predecessor-version":[{"id":12834,"href":"https:\/\/tvc16.com\/portal\/wp-json\/wp\/v2\/posts\/12831\/revisions\/12834"}],"wp:featuredmedia":[{"embeddable":true,"href":"https:\/\/tvc16.com\/portal\/wp-json\/wp\/v2\/media\/12833"}],"wp:attachment":[{"href":"https:\/\/tvc16.com\/portal\/wp-json\/wp\/v2\/media?parent=12831"}],"wp:term":[{"taxonomy":"category","embeddable":true,"href":"https:\/\/tvc16.com\/portal\/wp-json\/wp\/v2\/categories?post=12831"},{"taxonomy":"post_tag","embeddable":true,"href":"https:\/\/tvc16.com\/portal\/wp-json\/wp\/v2\/tags?post=12831"}],"curies":[{"name":"wp","href":"https:\/\/api.w.org\/{rel}","templated":true}]}}