{"id":12841,"date":"2021-04-13T09:12:05","date_gmt":"2021-04-13T12:12:05","guid":{"rendered":"https:\/\/tvc16.com\/portal\/?p=12841"},"modified":"2021-04-13T09:12:07","modified_gmt":"2021-04-13T12:12:07","slug":"turma-pioneira-no-novo-ensino-medio-supera-barreiras-e-conclui-curso","status":"publish","type":"post","link":"https:\/\/tvc16.com\/portal\/2021\/04\/13\/turma-pioneira-no-novo-ensino-medio-supera-barreiras-e-conclui-curso\/","title":{"rendered":"Turma pioneira no novo ensino m\u00e9dio supera barreiras e conclui curso"},"content":{"rendered":"\n<h3 class=\"wp-block-heading\">Projeto \u00e9 desenvolvido em parceria pelo Sesi e o Senai<\/h3>\n\n\n\n<h4 class=\"wp-block-heading\">Por Danilo Macedo &#8211; Rep\u00f3rter da Ag\u00eancia Brasil &#8211; Bras\u00edlia<\/h4>\n\n\n\n<p>Alunos bolsistas da primeira turma do novo ensino m\u00e9dio, no projeto implementado em parceria pelo Servi\u00e7o Social da Ind\u00fastria (Sesi) e o Servi\u00e7o Nacional de Aprendizagem Industrial (Senai), apresentam bons resultados nos estudos e no mercado de trabalho. Al\u00e9m de alguns terem recebido notas entre as mais altas na reda\u00e7\u00e3o do Exame Nacional do Ensino M\u00e9dio (Enem), a Confedera\u00e7\u00e3o Nacional da Ind\u00fastria (CNI) destaca que, mesmo com as adversidades intensificadas pela pandemia de covid-19, que levou \u00e0 suspens\u00e3o das aulas e elevou a taxa de desemprego entre os jovens, muitos conseguiram superar as dificuldades, concluir a \u00faltima etapa escolar e dar os primeiros passos profissionais.<img decoding=\"async\" src=\"https:\/\/agenciabrasil.ebc.com.br\/ebc.png?id=1406662&amp;o=node\"><img decoding=\"async\" src=\"https:\/\/agenciabrasil.ebc.com.br\/ebc.gif?id=1406662&amp;o=node\"><\/p>\n\n\n\n<p>Ao todo, 198 estudantes de cinco estados (Alagoas, Bahia, Cear\u00e1, Esp\u00edrito Santo e Goi\u00e1s) conclu\u00edram o curso&nbsp;em dezembro do ano passado, dentro do programa de forma\u00e7\u00e3o t\u00e9cnica e profissional, recebendo o certificado de conclus\u00e3o do&nbsp;ensino m\u00e9dio e tamb\u00e9m o diploma de t\u00e9cnico em eletrot\u00e9cnica. Entre os alunos da primeira turma, iniciada em 2018, 81,5% vieram de escolas p\u00fablicas, 87% s\u00e3o da classe D e 13% s\u00e3o da classe C. De acordo com o Sesi e o Senai, o curso de eletrot\u00e9cnica foi escolhido para a turma piloto por ser uma ocupa\u00e7\u00e3o transversal, abrangendo atividades de manuten\u00e7\u00e3o, projeto e execu\u00e7\u00e3o tanto el\u00e9trica quanto eletr\u00f4nica.<\/p>\n\n\n\n<p>As escolas de todo o pa\u00eds t\u00eam at\u00e9 2022 para implementar o novo modelo. Por\u00e9m, por causa da pandemia, as redes de ensino relatam dificuldades para implementar os novos curr\u00edculos. O chamado novo ensino m\u00e9dio pretende aproximar os conhecimentos aprendidos em sala com a realidade dos estudantes e permitir que eles escolham \u00e1reas de estudo com as quais tenham mais afinidade. Para isso, a forma\u00e7\u00e3o tem uma parte do curr\u00edculo comum e outra direcionada a uma \u00e1rea&nbsp;t\u00e9cnica, escolhida pelo aluno, com \u00eanfase em linguagens, matem\u00e1tica, ci\u00eancias da natureza, ci\u00eancias humanas ou ensino t\u00e9cnico.<\/p>\n\n\n\n<p>\u201cAl\u00e9m de se preparem para a faculdade e o mercado de trabalho, os jovens relatam desenvolvimento pessoal, j\u00e1 que o novo m\u00e9todo de ensino tem abordagem interdisciplinar e incentiva trabalhos em grupo, o autoconhecimento e o protagonismo na constru\u00e7\u00e3o de um projeto de vida e de carreira\u201d, destaca a CNI. Segundo a entidade, o projeto j\u00e1 foi ampliado para 23 estados (RS, MG, SP e RJ est\u00e3o em fase de adequa\u00e7\u00e3o) e conta com cerca de 10,4 mil alunos. Atualmente, al\u00e9m de eletrot\u00e9cnica, oferece mais 19 op\u00e7\u00f5es de cursos t\u00e9cnicos.<\/p>\n\n\n\n<p>Ao longo dos tr\u00eas anos de curso, os estudantes recebem at\u00e9 1.800 horas de aulas dedicadas \u00e0 Base Nacional Comum Curricular (BNCC) e&nbsp;pelo menos mais 1.200 horas dedicadas aos programas de forma\u00e7\u00e3o de livre escolha. Segundo a CNI, entre os alunos da primeira turma formada, h\u00e1 profissionais prestando servi\u00e7os de manuten\u00e7\u00e3o e instala\u00e7\u00e3o el\u00e9trica em grandes empresas, banco, im\u00f3veis residenciais, escrit\u00f3rio de arquitetura, obras de constru\u00e7\u00e3o, entre outros. Muitos deles aguardam agora, com expectativa, o resultado da primeira chamada do Sistema de Sele\u00e7\u00e3o Unificada (Sisu),&nbsp;que oferece mais de 209,1 mil vagas em cursos de gradua\u00e7\u00e3o de 110 universidades p\u00fablicas.<\/p>\n\n\n\n<p>Edi\u00e7\u00e3o: Gra\u00e7a Adjuto<\/p>\n","protected":false},"excerpt":{"rendered":"<p>Projeto \u00e9 desenvolvido em parceria pelo Sesi e o Senai Por Danilo Macedo &#8211; Rep\u00f3rter<\/p>\n","protected":false},"author":2,"featured_media":12842,"comment_status":"open","ping_status":"open","sticky":false,"template":"","format":"standard","meta":{"footnotes":""},"categories":[17],"tags":[],"class_list":["post-12841","post","type-post","status-publish","format-standard","has-post-thumbnail","hentry","category-outras-noticias"],"_links":{"self":[{"href":"https:\/\/tvc16.com\/portal\/wp-json\/wp\/v2\/posts\/12841","targetHints":{"allow":["GET"]}}],"collection":[{"href":"https:\/\/tvc16.com\/portal\/wp-json\/wp\/v2\/posts"}],"about":[{"href":"https:\/\/tvc16.com\/portal\/wp-json\/wp\/v2\/types\/post"}],"author":[{"embeddable":true,"href":"https:\/\/tvc16.com\/portal\/wp-json\/wp\/v2\/users\/2"}],"replies":[{"embeddable":true,"href":"https:\/\/tvc16.com\/portal\/wp-json\/wp\/v2\/comments?post=12841"}],"version-history":[{"count":1,"href":"https:\/\/tvc16.com\/portal\/wp-json\/wp\/v2\/posts\/12841\/revisions"}],"predecessor-version":[{"id":12843,"href":"https:\/\/tvc16.com\/portal\/wp-json\/wp\/v2\/posts\/12841\/revisions\/12843"}],"wp:featuredmedia":[{"embeddable":true,"href":"https:\/\/tvc16.com\/portal\/wp-json\/wp\/v2\/media\/12842"}],"wp:attachment":[{"href":"https:\/\/tvc16.com\/portal\/wp-json\/wp\/v2\/media?parent=12841"}],"wp:term":[{"taxonomy":"category","embeddable":true,"href":"https:\/\/tvc16.com\/portal\/wp-json\/wp\/v2\/categories?post=12841"},{"taxonomy":"post_tag","embeddable":true,"href":"https:\/\/tvc16.com\/portal\/wp-json\/wp\/v2\/tags?post=12841"}],"curies":[{"name":"wp","href":"https:\/\/api.w.org\/{rel}","templated":true}]}}