{"id":12847,"date":"2021-04-13T09:13:51","date_gmt":"2021-04-13T12:13:51","guid":{"rendered":"https:\/\/tvc16.com\/portal\/?p=12847"},"modified":"2021-04-13T09:13:53","modified_gmt":"2021-04-13T12:13:53","slug":"covid-19-variante-britanica-nao-causa-doenca-mais-grave-diz-estudo","status":"publish","type":"post","link":"https:\/\/tvc16.com\/portal\/2021\/04\/13\/covid-19-variante-britanica-nao-causa-doenca-mais-grave-diz-estudo\/","title":{"rendered":"Covid-19: variante brit\u00e2nica n\u00e3o causa doen\u00e7a mais grave, diz estudo"},"content":{"rendered":"\n<h3 class=\"wp-block-heading\">Trabalho foi publicado na revista cient\u00edfica Lancet<\/h3>\n\n\n\n<h4 class=\"wp-block-heading\">Por Ag\u00eancia Brasil* &#8211; Bras\u00edlia<\/h4>\n\n\n\n<p>Estudos cient\u00edficos publicados em duas \u00e1reas&nbsp;da revista m\u00e9dica&nbsp;<em>Lancet<\/em>&nbsp;indicam&nbsp;que as pessoas infectadas com a variante do SARS-CoV-2 identificada no Reino Unido n\u00e3o contraem formas mais graves da covid-19.<img decoding=\"async\" src=\"https:\/\/agenciabrasil.ebc.com.br\/ebc.png?id=1406666&amp;o=node\"><img decoding=\"async\" src=\"https:\/\/agenciabrasil.ebc.com.br\/ebc.gif?id=1406666&amp;o=node\"><\/p>\n\n\n\n<p>Os estudos foram feitos por observa\u00e7\u00e3o, analisando a situa\u00e7\u00e3o de pessoas infectadas com a variante designada como B.1.1.7, em um hospital de Londres, no Reino Unido, e por meio do que cerca de 37 mil pessoas infectadas declararam num trabalho&nbsp;brit\u00e2nico&nbsp;de acompanhamento de sintomas.<\/p>\n\n\n\n<p>Em artigo publicado no boletim&nbsp;<em>The Lancet Infectious Diseases<\/em>, foram analisados 341 doentes admitidos no hospital do University College e no hospital da Universidade de North Middlessex em novembro e dezembro passado. A&nbsp;conclus\u00e3o foi que os infectados com a variante n\u00e3o ficaram&nbsp;doentes com maior&nbsp;gravidade, mas a carga viral foi superior.<\/p>\n\n\n\n<p>\u201cN\u00e3o se detectou prova de uma associa\u00e7\u00e3o entre a variante e doen\u00e7a mais grave, com 36% dos doentes com a B.1.1.7. a ficarem gravemente doentes e a morrerem, quando comparado com os 38% dos que tinham uma variante diferente\u201d, conclu\u00edram os pesquisadores, que reconhecem a necessidade de&nbsp;investiga\u00e7\u00e3o mais aprofundada.<\/p>\n\n\n\n<p>Em&nbsp;outro estudo, divulgado&nbsp;na publica\u00e7\u00e3o&nbsp;<em>The Lancet Public Health<\/em>, analisaram-se dados submetidos \u00e0 aplica\u00e7\u00e3o Covid Symptom Study entre setembro e dezembro de 2020, que foram cruzados com as an\u00e1lises gen\u00e9ticas regionais conduzidas pelas autoridades de sa\u00fade brit\u00e2nicas destinadas a detectar a presen\u00e7a de variantes.<\/p>\n\n\n\n<p>\u201cA an\u00e1lise revelou que n\u00e3o h\u00e1 associa\u00e7\u00f5es estatisticamente significativas entre a propor\u00e7\u00e3o da B.1.1.7. entre regi\u00f5es e os tipos de sintomas que as pessoas tiveram\u201d, conclu\u00edram os pesquisadores.<\/p>\n\n\n\n<p>Al\u00e9m disso, a propor\u00e7\u00e3o de pessoas que tiveram casos prolongados de covid-19, com sintomas persistentes, n\u00e3o foi alterada pela presen\u00e7a da variante.<\/p>\n\n\n\n<p>No entanto, os autores conclu\u00edram que o \u00edndice de transmissibilidade (Rt) \u00e9 1,35 vez&nbsp;superior na variante B.1.1.7.<\/p>\n\n\n\n<p>A pesquisadora Britta Jewel,&nbsp;do Imperial College,&nbsp;comentou que o estudo contribui para o consenso de que a B.1.1.7. aumenta a transmissibilidade, o que levou, em grande parte, ao aumento exponencial de casos no Reino Unido e em outros pa\u00edses europeus.<\/p>\n\n\n\n<p><em>*Com informa\u00e7\u00f5es da RTP &#8211; R\u00e1dio e Televis\u00e3o de Portugal<\/em><\/p>\n\n\n\n<p>Edi\u00e7\u00e3o: &#8211;<\/p>\n","protected":false},"excerpt":{"rendered":"<p>Trabalho foi publicado na revista cient\u00edfica Lancet Por Ag\u00eancia Brasil* &#8211; Bras\u00edlia Estudos cient\u00edficos publicados<\/p>\n","protected":false},"author":2,"featured_media":12848,"comment_status":"open","ping_status":"open","sticky":false,"template":"","format":"standard","meta":{"footnotes":""},"categories":[17],"tags":[],"class_list":["post-12847","post","type-post","status-publish","format-standard","has-post-thumbnail","hentry","category-outras-noticias"],"_links":{"self":[{"href":"https:\/\/tvc16.com\/portal\/wp-json\/wp\/v2\/posts\/12847","targetHints":{"allow":["GET"]}}],"collection":[{"href":"https:\/\/tvc16.com\/portal\/wp-json\/wp\/v2\/posts"}],"about":[{"href":"https:\/\/tvc16.com\/portal\/wp-json\/wp\/v2\/types\/post"}],"author":[{"embeddable":true,"href":"https:\/\/tvc16.com\/portal\/wp-json\/wp\/v2\/users\/2"}],"replies":[{"embeddable":true,"href":"https:\/\/tvc16.com\/portal\/wp-json\/wp\/v2\/comments?post=12847"}],"version-history":[{"count":1,"href":"https:\/\/tvc16.com\/portal\/wp-json\/wp\/v2\/posts\/12847\/revisions"}],"predecessor-version":[{"id":12849,"href":"https:\/\/tvc16.com\/portal\/wp-json\/wp\/v2\/posts\/12847\/revisions\/12849"}],"wp:featuredmedia":[{"embeddable":true,"href":"https:\/\/tvc16.com\/portal\/wp-json\/wp\/v2\/media\/12848"}],"wp:attachment":[{"href":"https:\/\/tvc16.com\/portal\/wp-json\/wp\/v2\/media?parent=12847"}],"wp:term":[{"taxonomy":"category","embeddable":true,"href":"https:\/\/tvc16.com\/portal\/wp-json\/wp\/v2\/categories?post=12847"},{"taxonomy":"post_tag","embeddable":true,"href":"https:\/\/tvc16.com\/portal\/wp-json\/wp\/v2\/tags?post=12847"}],"curies":[{"name":"wp","href":"https:\/\/api.w.org\/{rel}","templated":true}]}}