{"id":12853,"date":"2021-04-14T10:00:42","date_gmt":"2021-04-14T13:00:42","guid":{"rendered":"https:\/\/tvc16.com\/portal\/?p=12853"},"modified":"2021-04-14T10:00:44","modified_gmt":"2021-04-14T13:00:44","slug":"1o-encontro-de-procuradores-municipais-em-defesa-do-interesse-publico-sera-realizado-no-formato-on-line-no-proximo-dia-16","status":"publish","type":"post","link":"https:\/\/tvc16.com\/portal\/2021\/04\/14\/1o-encontro-de-procuradores-municipais-em-defesa-do-interesse-publico-sera-realizado-no-formato-on-line-no-proximo-dia-16\/","title":{"rendered":"1\u00ba Encontro de Procuradores Municipais em Defesa do Interesse P\u00fablico ser\u00e1 realizado no formato on-line no pr\u00f3ximo dia 16"},"content":{"rendered":"\n<p>Na pr\u00f3xima sexta-feira (16) ser\u00e1 realizado, com apoio da Prefeitura, o 1\u00ba Encontro de Procuradores Municipais em Defesa do Interesse P\u00fablico. O evento ser\u00e1 transmitido pelo canal do Youtube do governo municipal interino a partir das 9h. O encontro propiciar\u00e1 o debate aprofundado sobre pol\u00edticas p\u00fablicas dentro da realidade do munic\u00edpio.<\/p>\n\n\n\n<p>\u201cO evento ser\u00e1 realizado em formato on-line devido a situa\u00e7\u00e3o da pandemia de coronav\u00edrus. Mas a realiza\u00e7\u00e3o deste encontro ser\u00e1 importante para que possamos debater temas de relev\u00e2ncia no \u00e2mbito jur\u00eddico para administra\u00e7\u00e3o p\u00fablica, com a participa\u00e7\u00e3o dos procuradores gerais dos munic\u00edpios do Estado. Tamb\u00e9m ressalto que ser\u00e1 aberto para todos os p\u00fablicos interessados em assistir as palestras que ser\u00e3o ministradas\u201d, destaca o Procurador Geral do munic\u00edpio, Fabio Alves Ferreira.<\/p>\n\n\n\n<p>A programa\u00e7\u00e3o de palestras abordar\u00e1 tem\u00e1ticas diferentes, mas est\u00e3o inseridas dentro do campo jur\u00eddico de quest\u00f5es que s\u00e3o recorrentes na administra\u00e7\u00e3o p\u00fablica:<\/p>\n\n\n\n<p>9h &#8211; Abertura do evento.<\/p>\n\n\n\n<p>9h15 &#8211; Desembargador Cherubin Helcias Schwartz e a professora M\u00f4nica Gusm\u00e3o debatem o tema \u201cNova Lei de Licita\u00e7\u00e3o e Contratos\u201d.<\/p>\n\n\n\n<p>10h45 &#8211; Fl\u00e1vio Willeman e F\u00e1bio Alves ir\u00e3o abordar o tema \u201cO Papel da Procuradoria no P.A.R e no Acordo de Leni\u00eancia\u201d.<\/p>\n\n\n\n<p>14h &#8211; F\u00e1bio Alves e a desembargadora In\u00eas Trindade ter\u00e3o como tema da palestra a \u201cLei de Responsabilidade Fiscal e Improbidade Administrativa\u201d.<\/p>\n\n\n\n<p>15h30 \u2013 Desembargador Federal Andr\u00e9 Fontes e Dra. Ana Tereza v\u00e3o proferir a palestra \u201cNovo Marco do Saneamento B\u00e1sico &#8211; Res\u00edduos S\u00f3lidos e Concess\u00f5es de Esgoto\u201d.<\/p>\n","protected":false},"excerpt":{"rendered":"<p>Na pr\u00f3xima sexta-feira (16) ser\u00e1 realizado, com apoio da Prefeitura, o 1\u00ba Encontro de Procuradores<\/p>\n","protected":false},"author":2,"featured_media":12854,"comment_status":"open","ping_status":"open","sticky":false,"template":"","format":"standard","meta":{"footnotes":""},"categories":[12],"tags":[],"class_list":["post-12853","post","type-post","status-publish","format-standard","has-post-thumbnail","hentry","category-cidade"],"_links":{"self":[{"href":"https:\/\/tvc16.com\/portal\/wp-json\/wp\/v2\/posts\/12853","targetHints":{"allow":["GET"]}}],"collection":[{"href":"https:\/\/tvc16.com\/portal\/wp-json\/wp\/v2\/posts"}],"about":[{"href":"https:\/\/tvc16.com\/portal\/wp-json\/wp\/v2\/types\/post"}],"author":[{"embeddable":true,"href":"https:\/\/tvc16.com\/portal\/wp-json\/wp\/v2\/users\/2"}],"replies":[{"embeddable":true,"href":"https:\/\/tvc16.com\/portal\/wp-json\/wp\/v2\/comments?post=12853"}],"version-history":[{"count":1,"href":"https:\/\/tvc16.com\/portal\/wp-json\/wp\/v2\/posts\/12853\/revisions"}],"predecessor-version":[{"id":12855,"href":"https:\/\/tvc16.com\/portal\/wp-json\/wp\/v2\/posts\/12853\/revisions\/12855"}],"wp:featuredmedia":[{"embeddable":true,"href":"https:\/\/tvc16.com\/portal\/wp-json\/wp\/v2\/media\/12854"}],"wp:attachment":[{"href":"https:\/\/tvc16.com\/portal\/wp-json\/wp\/v2\/media?parent=12853"}],"wp:term":[{"taxonomy":"category","embeddable":true,"href":"https:\/\/tvc16.com\/portal\/wp-json\/wp\/v2\/categories?post=12853"},{"taxonomy":"post_tag","embeddable":true,"href":"https:\/\/tvc16.com\/portal\/wp-json\/wp\/v2\/tags?post=12853"}],"curies":[{"name":"wp","href":"https:\/\/api.w.org\/{rel}","templated":true}]}}