{"id":12856,"date":"2021-04-14T10:03:08","date_gmt":"2021-04-14T13:03:08","guid":{"rendered":"https:\/\/tvc16.com\/portal\/?p=12856"},"modified":"2021-04-14T10:03:11","modified_gmt":"2021-04-14T13:03:11","slug":"mais-13-pessoas-morrem-em-petropolis-de-covid-19","status":"publish","type":"post","link":"https:\/\/tvc16.com\/portal\/2021\/04\/14\/mais-13-pessoas-morrem-em-petropolis-de-covid-19\/","title":{"rendered":"Mais 13 pessoas morrem em Petr\u00f3polis de covid-19"},"content":{"rendered":"\n<p>O Setor de Epidemiologia incluiu mais 13 \u00f3bitos de pacientes na base de dados da Secretaria de Sa\u00fade, nesta ter\u00e7a-feira (13). Destes, 10 s\u00e3o pessoas internadas no m\u00eas de mar\u00e7o com falecimentos ocorridos entre os dias 1 e 11 de abril. O boletim epidemiol\u00f3gico mostra que Petr\u00f3polis fez, at\u00e9 agora, 136.833 testes para Covid-19, com 27.682 resultados positivos e 105.491 negativos (levando em considera\u00e7\u00e3o testes r\u00e1pidos e Swab). Neste momento, est\u00e3o sendo inclu\u00eddos no sistema dados que estavam represados desde o ano passado.<\/p>\n\n\n\n<p>Neste momento, 164 pessoas est\u00e3o internadas em leitos de UTI privados e pelo SUS. Outras 165 est\u00e3o em leitos cl\u00ednicos, considerando leitos privados e SUS, totalizando assim, 329 interna\u00e7\u00f5es em toda a rede da cidade. A ocupa\u00e7\u00e3o de leitos cl\u00ednicos pelo SUS \u00e9 de 71,65% e 88,52% em leitos de UTI.<\/p>\n\n\n\n<p>A Secretaria de Sa\u00fade esclarece que o n\u00famero de \u00f3bitos, hoje em 818, \u00e9 atualizado nos boletins apenas ap\u00f3s o registro do atestado de \u00f3bito e do resultado do exame do paciente no sistema da Vigil\u00e2ncia Epidemiol\u00f3gica, o que \u00e9 feito por equipe administrativa. Trata-se de medida de seguran\u00e7a para evitar erro na informa\u00e7\u00e3o divulgada pela Secretaria de Sa\u00fade.<\/p>\n\n\n\n<p>A Secretaria acrescenta, ainda, que trabalha na atualiza\u00e7\u00e3o de dados de notifica\u00e7\u00f5es e casos em an\u00e1lise no sistema, inserindo ainda dados n\u00e3o lan\u00e7ados no fim do ano passado. \u00c9 poss\u00edvel acompanhar a evolu\u00e7\u00e3o dos casos no portal da transpar\u00eancia do coronav\u00edrus, no site da Prefeitura (www.petropolis.rj.gov.br)<\/p>\n\n\n\n<p>\u00d3bitos registrados:<\/p>\n\n\n\n<p>Homem, 75 anos, morador na Mosela. Internado em 27\/03 no Hospital Unimed. \u00d3bito registrado em 08\/04, no Hospital Unimed. Paciente com hipertens\u00e3o arterial.<\/p>\n\n\n\n<p><br>Homem, 48 anos, morador no Duarte da Silveira. Internado em 01\/04 no SMH. \u00d3bito registrado em 08\/04 no SMH. Paciente sem comorbidades.<\/p>\n\n\n\n<p><br>Mulher, 71 anos, moradora no Centro. Internada em 31\/03 no PSLS e transferida para o HNSA. \u00d3bito registrado em 01\/04 no HNSA. Paciente com hipertens\u00e3o arterial e doen\u00e7a pulmonar obstrutiva cr\u00f4nica.<\/p>\n\n\n\n<p><br>Homem, 72 anos, morador no Duques. Internado em 21\/03 no HAC. \u00d3bito registrado em 09\/04 no HAC. Paciente com hipertens\u00e3o arterial.<\/p>\n\n\n\n<p><br>Mulher, 61 anos, morador no Lajinha. Internada em 22\/03 no Hospital Unimed. \u00d3bito registrado em 09\/04 no Hospital Unimed.<\/p>\n\n\n\n<p><br>Homem, 78 anos, moradora no Itamarati. Internado em 03\/04 no Hospital Unimed. \u00d3bito registrado em 09\/04 no Hospital Unimed. Paciente com hipertens\u00e3o arterial e Alzheimer.<\/p>\n\n\n\n<p><br>Mulher, 66 anos, moradora em Corr\u00eaas. Internada em 31\/03 na UPA Cascatinha e transferida para o HAC. \u00d3bito registrado em 09\/04 no HAC. Paciente com doen\u00e7a cardiovascular cr\u00f4nica.<\/p>\n\n\n\n<p><br>Homem, 67 anos, morador em Pedro do Rio. Internado em 23\/03 na UPA Cascatinha e transferido para o HAC. \u00d3bito registrado em 11\/04 no HAC. Paciente com doen\u00e7a neurol\u00f3gica cr\u00f4nica.<\/p>\n\n\n\n<p><br>Homem, 47 anos, morador no Cascatinha. Internado em 23\/03 na UPA Cascatinha e transferido para o HAC. \u00d3bito registrado em 11\/04 no HAC. Paciente com obesidade.<\/p>\n\n\n\n<p><br>Homem, 59 anos, morador no Centro. Internado em 28\/03 no Hospital Unimed. \u00d3bito registrado em 11\/04 no Hospital Unimed. Paciente com hipertens\u00e3o arterial.<\/p>\n\n\n\n<p><br>Mulher, 66 anos, moradora no Independ\u00eancia. Internada em 29\/03 na UPA Centro e transferida para o HMNSE. \u00d3bito registrado em 11\/04 no HMNSE. Paciente com hipertens\u00e3o arterial.<\/p>\n\n\n\n<p><br>Homem, 72 anos, morador na Saldanha Marinho. Internado em 18\/03 na UPA Cascatinha e transferido para o HMNSE. \u00d3bito em 11\/04 no HMNSE. Paciente com doen\u00e7a cardiovascular cr\u00f4nica e diabete.<\/p>\n\n\n\n<p><br>Mulher, 62 anos, moradora em Itaipava. Internada em 04\/04 na UPA Itaipava e transferida para o HMNSE. \u00d3bito registrado em 12\/04 no HMNSE. Paciente sem comorbidades.<\/p>\n","protected":false},"excerpt":{"rendered":"<p>O Setor de Epidemiologia incluiu mais 13 \u00f3bitos de pacientes na base de dados da<\/p>\n","protected":false},"author":2,"featured_media":12857,"comment_status":"open","ping_status":"open","sticky":false,"template":"","format":"standard","meta":{"footnotes":""},"categories":[12],"tags":[],"class_list":["post-12856","post","type-post","status-publish","format-standard","has-post-thumbnail","hentry","category-cidade"],"_links":{"self":[{"href":"https:\/\/tvc16.com\/portal\/wp-json\/wp\/v2\/posts\/12856","targetHints":{"allow":["GET"]}}],"collection":[{"href":"https:\/\/tvc16.com\/portal\/wp-json\/wp\/v2\/posts"}],"about":[{"href":"https:\/\/tvc16.com\/portal\/wp-json\/wp\/v2\/types\/post"}],"author":[{"embeddable":true,"href":"https:\/\/tvc16.com\/portal\/wp-json\/wp\/v2\/users\/2"}],"replies":[{"embeddable":true,"href":"https:\/\/tvc16.com\/portal\/wp-json\/wp\/v2\/comments?post=12856"}],"version-history":[{"count":1,"href":"https:\/\/tvc16.com\/portal\/wp-json\/wp\/v2\/posts\/12856\/revisions"}],"predecessor-version":[{"id":12858,"href":"https:\/\/tvc16.com\/portal\/wp-json\/wp\/v2\/posts\/12856\/revisions\/12858"}],"wp:featuredmedia":[{"embeddable":true,"href":"https:\/\/tvc16.com\/portal\/wp-json\/wp\/v2\/media\/12857"}],"wp:attachment":[{"href":"https:\/\/tvc16.com\/portal\/wp-json\/wp\/v2\/media?parent=12856"}],"wp:term":[{"taxonomy":"category","embeddable":true,"href":"https:\/\/tvc16.com\/portal\/wp-json\/wp\/v2\/categories?post=12856"},{"taxonomy":"post_tag","embeddable":true,"href":"https:\/\/tvc16.com\/portal\/wp-json\/wp\/v2\/tags?post=12856"}],"curies":[{"name":"wp","href":"https:\/\/api.w.org\/{rel}","templated":true}]}}