{"id":12859,"date":"2021-04-14T10:04:35","date_gmt":"2021-04-14T13:04:35","guid":{"rendered":"https:\/\/tvc16.com\/portal\/?p=12859"},"modified":"2021-04-14T10:04:38","modified_gmt":"2021-04-14T13:04:38","slug":"prefeito-interino-hingo-hammes-assina-convenio-com-agerio-para-liberacao-de-credito-para-microempresarios","status":"publish","type":"post","link":"https:\/\/tvc16.com\/portal\/2021\/04\/14\/prefeito-interino-hingo-hammes-assina-convenio-com-agerio-para-liberacao-de-credito-para-microempresarios\/","title":{"rendered":"Prefeito interino Hingo Hammes assina conv\u00eanio com AgeRio para libera\u00e7\u00e3o de cr\u00e9dito para microempres\u00e1rios"},"content":{"rendered":"\n<p>O prefeito interino Hingo Hammes e a diretora de Opera\u00e7\u00f5es da AgeRio, Tatiana Oliver, assinaram um conv\u00eanio entre o munic\u00edpio e o governo do Estado para oferta de microcr\u00e9dito \u00e0 empreendedores, formalizados ou n\u00e3o. A linha de cr\u00e9dito ofertada vai de R$ 500,00 a R$ 21 mil para neg\u00f3cios com faturamento anual de at\u00e9 R$ 200 mil. O empres\u00e1rio, para ter acesso ao cr\u00e9dito, deve realizar o cadastro de forma digital pelo site www.agerio.com.br. Caso o empres\u00e1rio tenha alguma d\u00favida, pode entrar em contato pelo telefone (21) 2333-1212.<\/p>\n\n\n\n<p>O recurso pode ser usado para compra de maquin\u00e1rio e equipamentos, obras de adequa\u00e7\u00e3o, material de consumo e libera\u00e7\u00e3o de capital de giro. A car\u00eancia para o in\u00edcio do pagamento \u00e9 de 12 meses, com prazo de quita\u00e7\u00e3o do empr\u00e9stimo de 24 meses, com taxa de 0,25% ao m\u00eas.<\/p>\n\n\n\n<p>\u201cA libera\u00e7\u00e3o dessa linha de cr\u00e9dito, concretizada com essa parceria, proporcionar\u00e1 a esses neg\u00f3cios um capital de giro maior, j\u00e1 que as condi\u00e7\u00f5es ofertadas s\u00e3o melhores em compara\u00e7\u00e3o com outros empr\u00e9stimos. Essa \u00e9 uma importante medida no momento de pandemia para a gera\u00e7\u00e3o de empregos\u201d, disse o prefeito interino Hingo Hammes.<\/p>\n\n\n\n<p>Para o secret\u00e1rio de Desenvolvimento Econ\u00f4mico, Marcelo Soares, \u00e9 importante que haja o fomento de recursos para essa cadeia produtiva, que emprega muitas pessoas. \u201cTemos que criar condi\u00e7\u00f5es para fortalecer o setor econ\u00f4mico e produtivo do munic\u00edpio. Temos que gerar empregos e renda. Esse fato remete aos microempreendedores e pequenos neg\u00f3cios, que abrem muitas vagas. Essa parceria ser\u00e1 uma inje\u00e7\u00e3o de recursos muito benvinda\u201d, aponta.<\/p>\n\n\n\n<p>A AgeRio tamb\u00e9m apresentou para empres\u00e1rios do setor de eventos, turismo, restaurantes e cervejarias, que formam uma cadeia de neg\u00f3cios que ainda sofre com a pandemia, linhas de cr\u00e9dito com taxas mais atraentes e que atendem as necessidades dos neg\u00f3cios citados. A ag\u00eancia investe em projetos de todos os portes, do micro \u00e0 grande empresa, por meio de recursos pr\u00f3prios e repasses de linhas de cr\u00e9dito da Financiadora de Estudos e Projetos (Finep).<\/p>\n\n\n\n<p><\/p>\n","protected":false},"excerpt":{"rendered":"<p>O prefeito interino Hingo Hammes e a diretora de Opera\u00e7\u00f5es da AgeRio, Tatiana Oliver, assinaram<\/p>\n","protected":false},"author":2,"featured_media":12860,"comment_status":"open","ping_status":"open","sticky":false,"template":"","format":"standard","meta":{"footnotes":""},"categories":[12],"tags":[],"class_list":["post-12859","post","type-post","status-publish","format-standard","has-post-thumbnail","hentry","category-cidade"],"_links":{"self":[{"href":"https:\/\/tvc16.com\/portal\/wp-json\/wp\/v2\/posts\/12859","targetHints":{"allow":["GET"]}}],"collection":[{"href":"https:\/\/tvc16.com\/portal\/wp-json\/wp\/v2\/posts"}],"about":[{"href":"https:\/\/tvc16.com\/portal\/wp-json\/wp\/v2\/types\/post"}],"author":[{"embeddable":true,"href":"https:\/\/tvc16.com\/portal\/wp-json\/wp\/v2\/users\/2"}],"replies":[{"embeddable":true,"href":"https:\/\/tvc16.com\/portal\/wp-json\/wp\/v2\/comments?post=12859"}],"version-history":[{"count":1,"href":"https:\/\/tvc16.com\/portal\/wp-json\/wp\/v2\/posts\/12859\/revisions"}],"predecessor-version":[{"id":12861,"href":"https:\/\/tvc16.com\/portal\/wp-json\/wp\/v2\/posts\/12859\/revisions\/12861"}],"wp:featuredmedia":[{"embeddable":true,"href":"https:\/\/tvc16.com\/portal\/wp-json\/wp\/v2\/media\/12860"}],"wp:attachment":[{"href":"https:\/\/tvc16.com\/portal\/wp-json\/wp\/v2\/media?parent=12859"}],"wp:term":[{"taxonomy":"category","embeddable":true,"href":"https:\/\/tvc16.com\/portal\/wp-json\/wp\/v2\/categories?post=12859"},{"taxonomy":"post_tag","embeddable":true,"href":"https:\/\/tvc16.com\/portal\/wp-json\/wp\/v2\/tags?post=12859"}],"curies":[{"name":"wp","href":"https:\/\/api.w.org\/{rel}","templated":true}]}}