{"id":12869,"date":"2021-04-14T10:16:51","date_gmt":"2021-04-14T13:16:51","guid":{"rendered":"https:\/\/tvc16.com\/portal\/?p=12869"},"modified":"2021-04-14T10:16:53","modified_gmt":"2021-04-14T13:16:53","slug":"governo-interino-amplia-na-quinta-feira-vacinacao-para-idosos-acima-de-67-anos","status":"publish","type":"post","link":"https:\/\/tvc16.com\/portal\/2021\/04\/14\/governo-interino-amplia-na-quinta-feira-vacinacao-para-idosos-acima-de-67-anos\/","title":{"rendered":"Governo interino amplia na quinta-feira vacina\u00e7\u00e3o para idosos acima de 67 anos"},"content":{"rendered":"\n<p><strong>Cadastro para pessoas da nova faixa et\u00e1ria foi aberto hoje, \u00e0s 9h, no site da Prefeitura.<\/strong><\/p>\n\n\n\n<p>A Secretaria de Sa\u00fade vai ampliar nesta quinta-feira (15) a campanha de vacina\u00e7\u00e3o contra covid-19 para idosos a partir de 67 anos. O cadastro poder\u00e1 ser acessado a partir das 9h desta quarta-feira (14) e a imuniza\u00e7\u00e3o para a faixa et\u00e1ria come\u00e7a nesta quinta-feira (15) no site da prefeitura no (www.petropolis.rj.gov.br). Tamb\u00e9m \u00e9 poss\u00edvel acessar o cadastro diretamente pelo link da Secretaria de Sa\u00fade (https:\/\/smspetropolis.net.br\/vacinacaoCOVID.html).<\/p>\n\n\n\n<p><br>\u201cJ\u00e1 chegamos a quase 42 mil petropolitanos do grupo priorit\u00e1rio vacinados e seguimos avan\u00e7ando de forma respons\u00e1vel, sempre garantindo os imunizantes para o p\u00fablico convocado, tanto para a primeira quanto para a segunda dose\u201d, explica o prefeito interino Hingo Hammes.<\/p>\n\n\n\n<p><br>At\u00e9 a \u00faltima segunda-feira j\u00e1 havia sido contabilizada a aplica\u00e7\u00e3o de 41.295 doses da vacina. \u201cVamos continuar trabalhando para acelerar a vacina\u00e7\u00e3o e, assim, preservar a vida dos petropolitanos, principalmente daqueles mais vulner\u00e1veis. \u00c9 importante, no entanto, que o Governo Federal libere remessas da vacina maiores para os munic\u00edpios. As quantidades enviadas nas \u00faltimas semanas s\u00e3o insuficientes. Abrimos 10 postos de vacina\u00e7\u00e3o e temos capacidade, com a estrutura j\u00e1 em funcionamento, para vacinar 2 mil pessoas por dia, mas, sem vacina, \u00e9 imposs\u00edvel. Pedimos que a popula\u00e7\u00e3o, mesmo quem j\u00e1 foi vacinado, continue cumprindo os protocolos sanit\u00e1rios, evitando aglomera\u00e7\u00f5es, usando m\u00e1scaras e higienizando sempre as m\u00e3os com \u00e1gua e sab\u00e3o ou \u00e1lcool em gel\u201d, diz o secret\u00e1rio de Sa\u00fade, Aloisio Barbosa da Silva Filho.<\/p>\n\n\n\n<p><br>Para se vacinar, o idoso tem que estar devidamente cadastrado, o que permite uma melhor organiza\u00e7\u00e3o das equipes e maior controle do uso da vacina. No momento do agendamento, ele pode escolher entre 10 diferentes pontos dispon\u00edveis na cidade. A data para receber a primeira dose do imunizante \u00e9 definida de acordo com a demanda em cada unidade (lembrando que j\u00e1 h\u00e1 pessoas agendadas das demais faixas et\u00e1rias).<\/p>\n\n\n\n<p>Ao todo, dez pontos de vacina\u00e7\u00e3o est\u00e3o dispon\u00edveis para atendimento desse p\u00fablico. S\u00e3o eles: Hiperhopping, no Alto da Serra; campus da Universidade Cat\u00f3lica de Petr\u00f3polis (UCP), na Rua Benjamin Constant \u2013 Centro; Parque Municipal, em Itaipava; UCP do Bingen; UBSs do Quitandinha e Morin; Sede do Palmeira, no Itamarati; Sede do Petropolitano Futebol Clube, no Centro; Escola Josemar Contage, em Corr\u00eaas e no antigo Posto de Sa\u00fade da Posse.<br><\/p>\n\n\n\n<p>Idosos que tenham dificuldade para acessar a internet podem fazer o agendamento pelos telefones 2233-8850 ou 2233-8852. O setor funciona de segunda a sexta-feira das 9h \u00e0s 16h. Importante destacar que nos pontos de drive thru, idosos que chegam a p\u00e9 tamb\u00e9m s\u00e3o atendidos.<\/p>\n","protected":false},"excerpt":{"rendered":"<p>Cadastro para pessoas da nova faixa et\u00e1ria foi aberto hoje, \u00e0s 9h, no site da<\/p>\n","protected":false},"author":2,"featured_media":12870,"comment_status":"open","ping_status":"open","sticky":false,"template":"","format":"standard","meta":{"footnotes":""},"categories":[12],"tags":[],"class_list":["post-12869","post","type-post","status-publish","format-standard","has-post-thumbnail","hentry","category-cidade"],"_links":{"self":[{"href":"https:\/\/tvc16.com\/portal\/wp-json\/wp\/v2\/posts\/12869","targetHints":{"allow":["GET"]}}],"collection":[{"href":"https:\/\/tvc16.com\/portal\/wp-json\/wp\/v2\/posts"}],"about":[{"href":"https:\/\/tvc16.com\/portal\/wp-json\/wp\/v2\/types\/post"}],"author":[{"embeddable":true,"href":"https:\/\/tvc16.com\/portal\/wp-json\/wp\/v2\/users\/2"}],"replies":[{"embeddable":true,"href":"https:\/\/tvc16.com\/portal\/wp-json\/wp\/v2\/comments?post=12869"}],"version-history":[{"count":1,"href":"https:\/\/tvc16.com\/portal\/wp-json\/wp\/v2\/posts\/12869\/revisions"}],"predecessor-version":[{"id":12871,"href":"https:\/\/tvc16.com\/portal\/wp-json\/wp\/v2\/posts\/12869\/revisions\/12871"}],"wp:featuredmedia":[{"embeddable":true,"href":"https:\/\/tvc16.com\/portal\/wp-json\/wp\/v2\/media\/12870"}],"wp:attachment":[{"href":"https:\/\/tvc16.com\/portal\/wp-json\/wp\/v2\/media?parent=12869"}],"wp:term":[{"taxonomy":"category","embeddable":true,"href":"https:\/\/tvc16.com\/portal\/wp-json\/wp\/v2\/categories?post=12869"},{"taxonomy":"post_tag","embeddable":true,"href":"https:\/\/tvc16.com\/portal\/wp-json\/wp\/v2\/tags?post=12869"}],"curies":[{"name":"wp","href":"https:\/\/api.w.org\/{rel}","templated":true}]}}