{"id":12872,"date":"2021-04-14T10:18:06","date_gmt":"2021-04-14T13:18:06","guid":{"rendered":"https:\/\/tvc16.com\/portal\/?p=12872"},"modified":"2021-04-14T10:18:08","modified_gmt":"2021-04-14T13:18:08","slug":"influenza-prefeitura-inicia-nesta-quarta-feira-a-vacinacao-de-trabalhadores-da-saude","status":"publish","type":"post","link":"https:\/\/tvc16.com\/portal\/2021\/04\/14\/influenza-prefeitura-inicia-nesta-quarta-feira-a-vacinacao-de-trabalhadores-da-saude\/","title":{"rendered":"Influenza: Prefeitura inicia nesta quarta-feira a vacina\u00e7\u00e3o de trabalhadores da Sa\u00fade"},"content":{"rendered":"\n<p>Com um primeiro lote de 10.300 vacinas contra a influenza, enviado pelo Estado nesta ter\u00e7a-feira (13\/4), Petr\u00f3polis inicia nesta quarta (14\/4) a campanha de imuniza\u00e7\u00e3o contra a influenza (v\u00edrus da gripe). A vacina\u00e7\u00e3o come\u00e7a por trabalhadores da Sa\u00fade &#8211; profissionais que fazem parte do grupo priorit\u00e1rio a ser imunizado de acordo com o Minist\u00e9rio da Sa\u00fade. Gestantes, pu\u00e9rperas e crian\u00e7as na faixa et\u00e1ria entre 6 meses e seis anos incompletos, come\u00e7am a ser vacinados na segunda-feira (19.04).<\/p>\n\n\n\n<p><br>\u201cA Secretaria Municipal de Sa\u00fade vai seguir as orienta\u00e7\u00f5es da Secretaria de Estado de Sa\u00fade na vacina\u00e7\u00e3o contra a influenza. Vamos iniciar a vacina\u00e7\u00e3o nesta quarta (14.04), com os trabalhadores da sa\u00fade sendo vacinados nas pr\u00f3prias unidades. Na segunda iniciaremos a vacina\u00e7\u00e3o para gestantes, pu\u00e9rperas e crian\u00e7as com idade com mais de 6 meses e menos de 6 anos. \u00c9 muito importante que as pessoas se vacinem contra a influenza\u201d, explica o secret\u00e1rio de Sa\u00fade, Aloisio Barbosa da Silva Filho.<\/p>\n\n\n\n<p>Levando em conta as doses enviadas agora para esta campanha de vacina\u00e7\u00e3o, a equipe da Secretaria de Sa\u00fade est\u00e1 concluindo o planejamento para o in\u00edcio da vacina\u00e7\u00e3o ao p\u00fablico em geral na segunda-feira. O calend\u00e1rio ser\u00e1 anunciado nos pr\u00f3ximos dias. \u201cEst\u00e1 sendo necess\u00e1rio todo um planejamento, pois teremos duas campanhas de vacina\u00e7\u00e3o acontecendo simultaneamente: influenza e covid-19. O departamento de Vigil\u00e2ncia Epidemiol\u00f3gica est\u00e1 fazendo o planejamento das unidades de sa\u00fade onde ser\u00e3o distribu\u00eddas as doses para vacinarmos a popula\u00e7\u00e3o contra a gripe\u201d, destaca o secret\u00e1rio de Sa\u00fade Aloisio Barbosa.<\/p>\n\n\n\n<p><br>O munic\u00edpio segue as determina\u00e7\u00f5es do Minist\u00e9rio da Sa\u00fade, que este ano prev\u00ea que a imuniza\u00e7\u00e3o contra a gripe ter\u00e1, na primeira etapa, a vacina\u00e7\u00e3o priorit\u00e1ria de crian\u00e7as, gestantes e pu\u00e9rperas e trabalhadores da Sa\u00fade. Ap\u00f3s, em uma segunda etapa, ser\u00e3o vacinados idosos e professores.<br>A organiza\u00e7\u00e3o da campanha este ano \u00e9 diferenciada tendo em vista que a campanha de imuniza\u00e7\u00e3o contra a gripe ser\u00e1 realizada em paralelo com a vacina\u00e7\u00e3o contra a covid-19. <\/p>\n\n\n\n<p>Dados da Secretaria de Estado de Sa\u00fade apontam que em Petr\u00f3polis 127.117 pessoas devem ser vacinadas contra a gripe. Destas, cerca de 13 mil s\u00e3o trabalhadores da \u00e1rea de Sa\u00fade.<br><\/p>\n\n\n\n<p>A Secretaria de Sa\u00fade destaca que \u00e9 necess\u00e1rio um intervalo de 15 dias entre a aplica\u00e7\u00e3o das vacinas contra influenza e covid-19.<\/p>\n","protected":false},"excerpt":{"rendered":"<p>Com um primeiro lote de 10.300 vacinas contra a influenza, enviado pelo Estado nesta ter\u00e7a-feira<\/p>\n","protected":false},"author":2,"featured_media":12873,"comment_status":"open","ping_status":"open","sticky":false,"template":"","format":"standard","meta":{"footnotes":""},"categories":[12],"tags":[],"class_list":["post-12872","post","type-post","status-publish","format-standard","has-post-thumbnail","hentry","category-cidade"],"_links":{"self":[{"href":"https:\/\/tvc16.com\/portal\/wp-json\/wp\/v2\/posts\/12872","targetHints":{"allow":["GET"]}}],"collection":[{"href":"https:\/\/tvc16.com\/portal\/wp-json\/wp\/v2\/posts"}],"about":[{"href":"https:\/\/tvc16.com\/portal\/wp-json\/wp\/v2\/types\/post"}],"author":[{"embeddable":true,"href":"https:\/\/tvc16.com\/portal\/wp-json\/wp\/v2\/users\/2"}],"replies":[{"embeddable":true,"href":"https:\/\/tvc16.com\/portal\/wp-json\/wp\/v2\/comments?post=12872"}],"version-history":[{"count":1,"href":"https:\/\/tvc16.com\/portal\/wp-json\/wp\/v2\/posts\/12872\/revisions"}],"predecessor-version":[{"id":12874,"href":"https:\/\/tvc16.com\/portal\/wp-json\/wp\/v2\/posts\/12872\/revisions\/12874"}],"wp:featuredmedia":[{"embeddable":true,"href":"https:\/\/tvc16.com\/portal\/wp-json\/wp\/v2\/media\/12873"}],"wp:attachment":[{"href":"https:\/\/tvc16.com\/portal\/wp-json\/wp\/v2\/media?parent=12872"}],"wp:term":[{"taxonomy":"category","embeddable":true,"href":"https:\/\/tvc16.com\/portal\/wp-json\/wp\/v2\/categories?post=12872"},{"taxonomy":"post_tag","embeddable":true,"href":"https:\/\/tvc16.com\/portal\/wp-json\/wp\/v2\/tags?post=12872"}],"curies":[{"name":"wp","href":"https:\/\/api.w.org\/{rel}","templated":true}]}}