{"id":12875,"date":"2021-04-14T10:29:38","date_gmt":"2021-04-14T13:29:38","guid":{"rendered":"https:\/\/tvc16.com\/portal\/?p=12875"},"modified":"2021-04-14T16:27:43","modified_gmt":"2021-04-14T19:27:43","slug":"professor-de-japones-esta-desaparecido-desde-segunda-feira-12","status":"publish","type":"post","link":"https:\/\/tvc16.com\/portal\/2021\/04\/14\/professor-de-japones-esta-desaparecido-desde-segunda-feira-12\/","title":{"rendered":"Professor de japon\u00eas est\u00e1 desaparecido desde segunda-feira (12)"},"content":{"rendered":"\n<p>Victor Fran\u00e7a Cazumba Inoc\u00eancio, de 24 anos, foi visto pela ultima vez nesta segunda-feira (12), na Rua Paulo<strong> <\/strong>Barbosa, no Centro. Segundo a fam\u00edlia, o jovem saiu da casa do pai para ir ao trabalho, que fica no Shopping Dom Pedro II, mas n\u00e3o chegou ao local e n\u00e3o h\u00e1 informa\u00e7\u00f5es sobre o que teria acontecido no caminho.<\/p>\n\n\n\n<figure class=\"wp-block-image size-large\"><img loading=\"lazy\" decoding=\"async\" width=\"768\" height=\"1024\" src=\"https:\/\/tvc16.com\/portal\/wp-content\/uploads\/2021\/04\/WhatsApp-Image-2021-04-13-at-15.43.49-768x1024.jpeg\" alt=\"\" class=\"wp-image-12877\" srcset=\"https:\/\/tvc16.com\/portal\/wp-content\/uploads\/2021\/04\/WhatsApp-Image-2021-04-13-at-15.43.49-768x1024.jpeg 768w, https:\/\/tvc16.com\/portal\/wp-content\/uploads\/2021\/04\/WhatsApp-Image-2021-04-13-at-15.43.49-225x300.jpeg 225w, https:\/\/tvc16.com\/portal\/wp-content\/uploads\/2021\/04\/WhatsApp-Image-2021-04-13-at-15.43.49.jpeg 960w\" sizes=\"auto, (max-width: 768px) 100vw, 768px\" \/><\/figure>\n\n\n\n<p>Vitor \u00e9 professor de japon\u00eas, portugu\u00eas, ingl\u00eas e matem\u00e1tica. A m\u00e3e do rapaz registrou o desaparecimento na 105\u00aa Delegacia de Policia, no Retiro, e pediu a ajuda da popula\u00e7\u00e3o para a localiz\u00e1-lo. Nas redes sociais o desaparecimento do rapaz causou como\u00e7\u00e3o.<\/p>\n\n\n\n<p>Victor usava uma camisa de manga comprida da cor azul, com estampa quadriculada no dia em que sumiu. A fam\u00edlia pede que quem tiver informa\u00e7\u00f5es sobre o paradeiro dele, entre em contato pelo telefone (24) 988110373, ou fale com&nbsp; a Pol\u00edcia Civil.<\/p>\n","protected":false},"excerpt":{"rendered":"<p>Victor Fran\u00e7a Cazumba Inoc\u00eancio, de 24 anos, foi visto pela ultima vez nesta segunda-feira (12),<\/p>\n","protected":false},"author":2,"featured_media":12876,"comment_status":"open","ping_status":"open","sticky":false,"template":"","format":"standard","meta":{"footnotes":""},"categories":[1],"tags":[],"class_list":["post-12875","post","type-post","status-publish","format-standard","has-post-thumbnail","hentry","category-uncategorized"],"_links":{"self":[{"href":"https:\/\/tvc16.com\/portal\/wp-json\/wp\/v2\/posts\/12875","targetHints":{"allow":["GET"]}}],"collection":[{"href":"https:\/\/tvc16.com\/portal\/wp-json\/wp\/v2\/posts"}],"about":[{"href":"https:\/\/tvc16.com\/portal\/wp-json\/wp\/v2\/types\/post"}],"author":[{"embeddable":true,"href":"https:\/\/tvc16.com\/portal\/wp-json\/wp\/v2\/users\/2"}],"replies":[{"embeddable":true,"href":"https:\/\/tvc16.com\/portal\/wp-json\/wp\/v2\/comments?post=12875"}],"version-history":[{"count":1,"href":"https:\/\/tvc16.com\/portal\/wp-json\/wp\/v2\/posts\/12875\/revisions"}],"predecessor-version":[{"id":12878,"href":"https:\/\/tvc16.com\/portal\/wp-json\/wp\/v2\/posts\/12875\/revisions\/12878"}],"wp:featuredmedia":[{"embeddable":true,"href":"https:\/\/tvc16.com\/portal\/wp-json\/wp\/v2\/media\/12876"}],"wp:attachment":[{"href":"https:\/\/tvc16.com\/portal\/wp-json\/wp\/v2\/media?parent=12875"}],"wp:term":[{"taxonomy":"category","embeddable":true,"href":"https:\/\/tvc16.com\/portal\/wp-json\/wp\/v2\/categories?post=12875"},{"taxonomy":"post_tag","embeddable":true,"href":"https:\/\/tvc16.com\/portal\/wp-json\/wp\/v2\/tags?post=12875"}],"curies":[{"name":"wp","href":"https:\/\/api.w.org\/{rel}","templated":true}]}}