{"id":12879,"date":"2021-04-14T10:32:22","date_gmt":"2021-04-14T13:32:22","guid":{"rendered":"https:\/\/tvc16.com\/portal\/?p=12879"},"modified":"2021-04-14T11:13:26","modified_gmt":"2021-04-14T14:13:26","slug":"covid-19-prefeitura-abre-cadastro-para-vacinacao-de-trabalhadores-da-saude-com-mais-de-50-anos","status":"publish","type":"post","link":"https:\/\/tvc16.com\/portal\/2021\/04\/14\/covid-19-prefeitura-abre-cadastro-para-vacinacao-de-trabalhadores-da-saude-com-mais-de-50-anos\/","title":{"rendered":"Covid-19: Prefeitura abre cadastro para vacina\u00e7\u00e3o trabalhadores da Sa\u00fade com mais de 50 anos"},"content":{"rendered":"\n<p>Trabalhadores da Sa\u00fade com mais de 50 anos j\u00e1 podem se cadastrar para receber a vacina contra a covid-19. O cadastro, v\u00e1lido tamb\u00e9m para profissionais da sa\u00fade (p\u00fablico que j\u00e1 tinha sido convocado), foi aberto nesta quarta-feira (14) e a aplica\u00e7\u00e3o das doses neste grupo come\u00e7a na pr\u00f3xima segunda-feira (19\/04). Assim como acontece com os idosos, a vacina\u00e7\u00e3o para este p\u00fablico est\u00e1 sendo escalonada por faixas et\u00e1rias, de acordo com a chegada de vacinas. At\u00e9 o momento Petr\u00f3polis vacinou 11.003 pessoas que trabalham na \u00e1rea de Sa\u00fade. A vacina\u00e7\u00e3o na cidade segue os crit\u00e9rios estabelecidos pelo Minist\u00e9rio da Sa\u00fade.<\/p>\n\n\n\n<p><br>\u201cTodos os esfor\u00e7os est\u00e3o sendo feito para conseguirmos ampliar de forma respons\u00e1vel a vacina\u00e7\u00e3o na cidade, atendendo ao p\u00fablico estabelecido pelo Minist\u00e9rio da Sa\u00fade na primeira fase e, ao mesmo tempo, ampliando a vacina\u00e7\u00e3o para idosos de outras faixas et\u00e1rias. Precisamos, no entanto, receber remessas maiores da vacina, com quantidades suficientes para que possamos ampliar e acelerar o processo&#8221;, destaca o prefeito interino Hingo Hammes.<\/p>\n\n\n\n<p><br>A prefeitura segue esta semana vacinando profissionais de Sa\u00fade, cujos agendamentos j\u00e1 tinham sido feitos junto \u00e0 Secretaria de Sa\u00fade. At\u00e9 a tarde de ter\u00e7a-feira, 2.610 profissionais de Sa\u00fade estavam cadastrados para receber a vacina. O munic\u00edpio tamb\u00e9m est\u00e1 ampliando a partir de quinta-feira a vacina\u00e7\u00e3o de idosos para atender pessoas a partir de 67 anos. O cadastro deste p\u00fablico tamb\u00e9m foi aberto nesta quarta-feira.<\/p>\n\n\n\n<p><br>\u201cTodo um planejamento est\u00e1 sendo feito pela Secretaria da Sa\u00fade para que tenhamos estruturas adequadas para ampliarmos o p\u00fablico de idosos e, simultaneamente, a vacina\u00e7\u00e3o para profissionais e demais trabalhadores de sa\u00fade. Para isso, a equipe do setor de Epidemiologia vem refor\u00e7ando as equipes que est\u00e3o autuando nos pontos de vacina\u00e7\u00e3o\u201d, assinala o secret\u00e1rio de Sa\u00fade, Aloisio Barbosa da Silva Filho.<\/p>\n\n\n\n<p><br>Categorias enquadradas como profissionais de sa\u00fade, que j\u00e1 estavam sendo vacinadas, continuam podendo fazer o cadastramento, levando em conta a faixa et\u00e1ria. Os demais trabalhadores da sa\u00fade, agora tamb\u00e9m podem fazer o cadastramento. Entre eles est\u00e3o: recepcionistas, administrativo, copeiros, motoristas, vigias, auxiliar de farm\u00e1cia, funcion\u00e1rios de almoxarifado, de higieniza\u00e7\u00e3o, maqueiros, cozinheiros, cuidadores, funcion\u00e1rios de manuten\u00e7\u00e3o, rouparia, operador de caldeira, telefonista, operador de computador, acupunturista, profissionais de terapia flora e funcion\u00e1rio de farm\u00e1cia.<\/p>\n\n\n\n<p>Importante lembrar que no dia da vacina\u00e7\u00e3o dever\u00e1 ser apresentado documento que comprove o exerc\u00edcio da respectiva atividade em estabelecimento de sa\u00fade.<\/p>\n\n\n\n<p><\/p>\n","protected":false},"excerpt":{"rendered":"<p>Trabalhadores da Sa\u00fade com mais de 50 anos j\u00e1 podem se cadastrar para receber a<\/p>\n","protected":false},"author":2,"featured_media":12880,"comment_status":"open","ping_status":"open","sticky":false,"template":"","format":"standard","meta":{"footnotes":""},"categories":[12],"tags":[],"class_list":["post-12879","post","type-post","status-publish","format-standard","has-post-thumbnail","hentry","category-cidade"],"_links":{"self":[{"href":"https:\/\/tvc16.com\/portal\/wp-json\/wp\/v2\/posts\/12879","targetHints":{"allow":["GET"]}}],"collection":[{"href":"https:\/\/tvc16.com\/portal\/wp-json\/wp\/v2\/posts"}],"about":[{"href":"https:\/\/tvc16.com\/portal\/wp-json\/wp\/v2\/types\/post"}],"author":[{"embeddable":true,"href":"https:\/\/tvc16.com\/portal\/wp-json\/wp\/v2\/users\/2"}],"replies":[{"embeddable":true,"href":"https:\/\/tvc16.com\/portal\/wp-json\/wp\/v2\/comments?post=12879"}],"version-history":[{"count":2,"href":"https:\/\/tvc16.com\/portal\/wp-json\/wp\/v2\/posts\/12879\/revisions"}],"predecessor-version":[{"id":12913,"href":"https:\/\/tvc16.com\/portal\/wp-json\/wp\/v2\/posts\/12879\/revisions\/12913"}],"wp:featuredmedia":[{"embeddable":true,"href":"https:\/\/tvc16.com\/portal\/wp-json\/wp\/v2\/media\/12880"}],"wp:attachment":[{"href":"https:\/\/tvc16.com\/portal\/wp-json\/wp\/v2\/media?parent=12879"}],"wp:term":[{"taxonomy":"category","embeddable":true,"href":"https:\/\/tvc16.com\/portal\/wp-json\/wp\/v2\/categories?post=12879"},{"taxonomy":"post_tag","embeddable":true,"href":"https:\/\/tvc16.com\/portal\/wp-json\/wp\/v2\/tags?post=12879"}],"curies":[{"name":"wp","href":"https:\/\/api.w.org\/{rel}","templated":true}]}}