{"id":12885,"date":"2021-04-14T10:40:16","date_gmt":"2021-04-14T13:40:16","guid":{"rendered":"https:\/\/tvc16.com\/portal\/?p=12885"},"modified":"2021-04-14T10:40:18","modified_gmt":"2021-04-14T13:40:18","slug":"niteroi-monta-barreiras-sanitarias-para-conter-covid-19","status":"publish","type":"post","link":"https:\/\/tvc16.com\/portal\/2021\/04\/14\/niteroi-monta-barreiras-sanitarias-para-conter-covid-19\/","title":{"rendered":"Niter\u00f3i monta barreiras sanit\u00e1rias para conter covid-19"},"content":{"rendered":"\n<h3 class=\"wp-block-heading\">Agentes medem temperatura nos principais acessos ao munic\u00edpio<\/h3>\n\n\n\n<h4 class=\"wp-block-heading\">Por Vitor Abdala &#8211; Rep\u00f3rter da Ag\u00eancia Brasil &#8211; Rio de Janeiro<\/h4>\n\n\n\n<p>A prefeitura de Niter\u00f3i, no Grande Rio, instalou hoje (14) barreiras sanit\u00e1rias nos principais acessos ao munic\u00edpio. Agentes municipais est\u00e3o aferindo a temperatura dos ocupantes do carro e poder\u00e3o negar acesso a quem apresentar febre, como uma forma de reduzir a dissemina\u00e7\u00e3o da covid-19 na cidade.<img decoding=\"async\" src=\"https:\/\/agenciabrasil.ebc.com.br\/ebc.png?id=1406761&amp;o=node\"><img decoding=\"async\" src=\"https:\/\/agenciabrasil.ebc.com.br\/ebc.gif?id=1406761&amp;o=node\"><\/p>\n\n\n\n<p>A medida provocou engarrafamentos na Ponte Rio-Niter\u00f3i e na rodovia Niter\u00f3i-Manilha, que liga o munic\u00edpio a S\u00e3o Gon\u00e7alo.<\/p>\n\n\n\n<p>\u00c0s 8h30, a Ponte Rio-Niter\u00f3i apresentava 5 quil\u00f4metros (km) de tr\u00e2nsito lento no sentido Niter\u00f3i. Na Niter\u00f3i-Manilha, a reten\u00e7\u00e3o chegava a 10 km, com destino ao Rio de Janeiro, no mesmo hor\u00e1rio.<\/p>\n\n\n\n<p>Edi\u00e7\u00e3o: Val\u00e9ria Aguiar<\/p>\n","protected":false},"excerpt":{"rendered":"<p>Agentes medem temperatura nos principais acessos ao munic\u00edpio Por Vitor Abdala &#8211; Rep\u00f3rter da Ag\u00eancia<\/p>\n","protected":false},"author":2,"featured_media":12886,"comment_status":"open","ping_status":"open","sticky":false,"template":"","format":"standard","meta":{"footnotes":""},"categories":[17],"tags":[],"class_list":["post-12885","post","type-post","status-publish","format-standard","has-post-thumbnail","hentry","category-outras-noticias"],"_links":{"self":[{"href":"https:\/\/tvc16.com\/portal\/wp-json\/wp\/v2\/posts\/12885","targetHints":{"allow":["GET"]}}],"collection":[{"href":"https:\/\/tvc16.com\/portal\/wp-json\/wp\/v2\/posts"}],"about":[{"href":"https:\/\/tvc16.com\/portal\/wp-json\/wp\/v2\/types\/post"}],"author":[{"embeddable":true,"href":"https:\/\/tvc16.com\/portal\/wp-json\/wp\/v2\/users\/2"}],"replies":[{"embeddable":true,"href":"https:\/\/tvc16.com\/portal\/wp-json\/wp\/v2\/comments?post=12885"}],"version-history":[{"count":1,"href":"https:\/\/tvc16.com\/portal\/wp-json\/wp\/v2\/posts\/12885\/revisions"}],"predecessor-version":[{"id":12887,"href":"https:\/\/tvc16.com\/portal\/wp-json\/wp\/v2\/posts\/12885\/revisions\/12887"}],"wp:featuredmedia":[{"embeddable":true,"href":"https:\/\/tvc16.com\/portal\/wp-json\/wp\/v2\/media\/12886"}],"wp:attachment":[{"href":"https:\/\/tvc16.com\/portal\/wp-json\/wp\/v2\/media?parent=12885"}],"wp:term":[{"taxonomy":"category","embeddable":true,"href":"https:\/\/tvc16.com\/portal\/wp-json\/wp\/v2\/categories?post=12885"},{"taxonomy":"post_tag","embeddable":true,"href":"https:\/\/tvc16.com\/portal\/wp-json\/wp\/v2\/tags?post=12885"}],"curies":[{"name":"wp","href":"https:\/\/api.w.org\/{rel}","templated":true}]}}