{"id":1289,"date":"2020-09-26T12:21:34","date_gmt":"2020-09-26T12:21:34","guid":{"rendered":"https:\/\/tvc16.com\/portal\/?p=1289"},"modified":"2020-09-26T14:42:59","modified_gmt":"2020-09-26T14:42:59","slug":"sexta-feria-registra-mais-tres-mortos-por-covid-19","status":"publish","type":"post","link":"https:\/\/tvc16.com\/portal\/2020\/09\/26\/sexta-feria-registra-mais-tres-mortos-por-covid-19\/","title":{"rendered":"Sexta-feira registra mais tr\u00eas mortes por Covid-19"},"content":{"rendered":"\n<p>Petr\u00f3polis registrou nesta sexta-feira (25) mais tr\u00eas \u00f3bitos por covid-19. As v\u00edtimas, duas mulheres e um homem com idades entre 69 e 81 anos, estavam internadas em hospitais da cidade. Com a atualiza\u00e7\u00e3o, o munic\u00edpio contabiliza 224 mortes e 6.662 casos positivos da doen\u00e7a, sendo 23 \u00f3bitos e 216 casos registrados esta semana, entre os dias 21 e 25 de setembro. Os dados s\u00e3o da Secretaria Municipal de Sa\u00fade.<\/p>\n\n\n\n<p>A primeira v\u00edtima \u00e9 um homem, de 81 anos, morador do Quissam\u00e3. Ele foi internado no dia 08 de setembro no Hospital Nossa Senhora Aparecida (HNSA) e faleceu na quarta-feira (23). O paciente tinha hipertens\u00e3o arterial e diabetes. O segundo \u00f3bito \u00e9 de uma mulher, de 69 anos, moradora de Pedro do Rio. Ela foi internada no dia 16 de setembro no HNSA e faleceu na quinta-feira (24). A paciente tinha esquizofrenia e obesidade. A terceira e \u00faltima morte \u00e9 tamb\u00e9m de uma mulher, de 78 anos, moradora do Caxambu. Ela foi internada no dia 10 de setembro no Hospital Municipal Nelson de S\u00e1 Earp (HMNSE) e faleceu na ter\u00e7a-feira (22). A paciente tinha Alzheimer.<\/p>\n\n\n\n<p>Segundo as informa\u00e7\u00f5es do boletim epidemiol\u00f3gico, at\u00e9 o momento foram realizados 56.861 testes na cidade. Desses, 49.920 resultaram negativos, 6.662 positivos e 279 est\u00e3o em an\u00e1lise, entre PCR e testes r\u00e1pidos. H\u00e1 68 pacientes internados na cidade, podendo ser casos positivos ou em investiga\u00e7\u00e3o esperando o resultado do teste.<\/p>\n\n\n\n<p>Os dados apontam, ainda, 3.352 pessoas recuperadas do coronav\u00edrus. Esse n\u00famero se refere \u00e0s pessoas que estiveram internadas nas unidades hospitalares da cidade ou que se mantiveram em isolamento domiciliar e que, hoje, n\u00e3o apresentam mais os principais sintomas da doen\u00e7a.<\/p>\n\n\n\n<p>Nesta sexta-feira (25), o munic\u00edpio contabiliza pelo SUS 35,19% dos leitos cl\u00ednicos e 32,32% de UTI ocupados com pacientes infectados com coronav\u00edrus.<\/p>\n\n\n\n<p>Foto: divulga\u00e7\u00e3o<\/p>\n","protected":false},"excerpt":{"rendered":"<p>Petr\u00f3polis registrou nesta sexta-feira (25) mais tr\u00eas \u00f3bitos por covid-19. As v\u00edtimas, duas mulheres e<\/p>\n","protected":false},"author":2,"featured_media":1299,"comment_status":"open","ping_status":"open","sticky":false,"template":"","format":"standard","meta":{"footnotes":""},"categories":[12],"tags":[],"class_list":["post-1289","post","type-post","status-publish","format-standard","has-post-thumbnail","hentry","category-cidade"],"_links":{"self":[{"href":"https:\/\/tvc16.com\/portal\/wp-json\/wp\/v2\/posts\/1289","targetHints":{"allow":["GET"]}}],"collection":[{"href":"https:\/\/tvc16.com\/portal\/wp-json\/wp\/v2\/posts"}],"about":[{"href":"https:\/\/tvc16.com\/portal\/wp-json\/wp\/v2\/types\/post"}],"author":[{"embeddable":true,"href":"https:\/\/tvc16.com\/portal\/wp-json\/wp\/v2\/users\/2"}],"replies":[{"embeddable":true,"href":"https:\/\/tvc16.com\/portal\/wp-json\/wp\/v2\/comments?post=1289"}],"version-history":[{"count":3,"href":"https:\/\/tvc16.com\/portal\/wp-json\/wp\/v2\/posts\/1289\/revisions"}],"predecessor-version":[{"id":1300,"href":"https:\/\/tvc16.com\/portal\/wp-json\/wp\/v2\/posts\/1289\/revisions\/1300"}],"wp:featuredmedia":[{"embeddable":true,"href":"https:\/\/tvc16.com\/portal\/wp-json\/wp\/v2\/media\/1299"}],"wp:attachment":[{"href":"https:\/\/tvc16.com\/portal\/wp-json\/wp\/v2\/media?parent=1289"}],"wp:term":[{"taxonomy":"category","embeddable":true,"href":"https:\/\/tvc16.com\/portal\/wp-json\/wp\/v2\/categories?post=1289"},{"taxonomy":"post_tag","embeddable":true,"href":"https:\/\/tvc16.com\/portal\/wp-json\/wp\/v2\/tags?post=1289"}],"curies":[{"name":"wp","href":"https:\/\/api.w.org\/{rel}","templated":true}]}}