{"id":12894,"date":"2021-04-14T10:45:42","date_gmt":"2021-04-14T13:45:42","guid":{"rendered":"https:\/\/tvc16.com\/portal\/?p=12894"},"modified":"2021-04-14T10:45:44","modified_gmt":"2021-04-14T13:45:44","slug":"participantes-do-comite-da-covid-19-fazem-pronunciamento-apos-reuniao","status":"publish","type":"post","link":"https:\/\/tvc16.com\/portal\/2021\/04\/14\/participantes-do-comite-da-covid-19-fazem-pronunciamento-apos-reuniao\/","title":{"rendered":"Participantes do comit\u00ea da covid-19 fazem pronunciamento ap\u00f3s reuni\u00e3o"},"content":{"rendered":"\n<h3 class=\"wp-block-heading\">Nesta quarta-feira, foi realizada a segunda reuni\u00e3o do comit\u00ea<\/h3>\n\n\n\n<h4 class=\"wp-block-heading\">Por Ag\u00eancia Brasil &#8211; Bras\u00edlia<\/h4>\n\n\n\n<p>A segunda reuni\u00e3o do Comit\u00ea de Coordena\u00e7\u00e3o Nacional para Enfrentamento da Pandemia da Covid-19 foi realizada nesta manh\u00e3, no Pal\u00e1cio do Planalto, em Bras\u00edlia. Ap\u00f3s participar da reuni\u00e3o, o ministro da Sa\u00fade, Marcelo Queiroga, o presidente do Senado, Rodrigo Pacheco, e o deputado federal Dr. Luizinho (PP-RJ) concedem entrevista coletiva para falar sobre os resultados das discuss\u00f5es.<img decoding=\"async\" src=\"https:\/\/agenciabrasil.ebc.com.br\/ebc.png?id=1406762&amp;o=node\"><img decoding=\"async\" src=\"https:\/\/agenciabrasil.ebc.com.br\/ebc.gif?id=1406762&amp;o=node\"><\/p>\n\n\n\n<p>O comit\u00ea,&nbsp;<a href=\"https:\/\/agenciabrasil.ebc.com.br\/saude\/noticia\/2021-03\/governo-publica-decreto-que-cria-comite-nacional-de-combate-pandemia\">criado em mar\u00e7o<\/a>&nbsp;deste ano, \u00e9 composto pelos presidentes da Rep\u00fablica, Jair Bolsonaro, do Senado Federal, Rodrigo Pacheco, e da C\u00e2mara dos Deputados,&nbsp;Arthur Lira, e, na condi\u00e7\u00e3o de observador, por um representante do Judici\u00e1rio. Tamb\u00e9m participaram do comit\u00ea o ministro da Sa\u00fade e outros integrantes do governo.<\/p>\n\n\n\n<p>Edi\u00e7\u00e3o: Kelly Oliveira<\/p>\n\n\n\n<p><\/p>\n","protected":false},"excerpt":{"rendered":"<p>Nesta quarta-feira, foi realizada a segunda reuni\u00e3o do comit\u00ea Por Ag\u00eancia Brasil &#8211; Bras\u00edlia A<\/p>\n","protected":false},"author":2,"featured_media":12895,"comment_status":"open","ping_status":"open","sticky":false,"template":"","format":"standard","meta":{"footnotes":""},"categories":[17],"tags":[],"class_list":["post-12894","post","type-post","status-publish","format-standard","has-post-thumbnail","hentry","category-outras-noticias"],"_links":{"self":[{"href":"https:\/\/tvc16.com\/portal\/wp-json\/wp\/v2\/posts\/12894","targetHints":{"allow":["GET"]}}],"collection":[{"href":"https:\/\/tvc16.com\/portal\/wp-json\/wp\/v2\/posts"}],"about":[{"href":"https:\/\/tvc16.com\/portal\/wp-json\/wp\/v2\/types\/post"}],"author":[{"embeddable":true,"href":"https:\/\/tvc16.com\/portal\/wp-json\/wp\/v2\/users\/2"}],"replies":[{"embeddable":true,"href":"https:\/\/tvc16.com\/portal\/wp-json\/wp\/v2\/comments?post=12894"}],"version-history":[{"count":1,"href":"https:\/\/tvc16.com\/portal\/wp-json\/wp\/v2\/posts\/12894\/revisions"}],"predecessor-version":[{"id":12896,"href":"https:\/\/tvc16.com\/portal\/wp-json\/wp\/v2\/posts\/12894\/revisions\/12896"}],"wp:featuredmedia":[{"embeddable":true,"href":"https:\/\/tvc16.com\/portal\/wp-json\/wp\/v2\/media\/12895"}],"wp:attachment":[{"href":"https:\/\/tvc16.com\/portal\/wp-json\/wp\/v2\/media?parent=12894"}],"wp:term":[{"taxonomy":"category","embeddable":true,"href":"https:\/\/tvc16.com\/portal\/wp-json\/wp\/v2\/categories?post=12894"},{"taxonomy":"post_tag","embeddable":true,"href":"https:\/\/tvc16.com\/portal\/wp-json\/wp\/v2\/tags?post=12894"}],"curies":[{"name":"wp","href":"https:\/\/api.w.org\/{rel}","templated":true}]}}