{"id":12907,"date":"2021-04-14T10:49:25","date_gmt":"2021-04-14T13:49:25","guid":{"rendered":"https:\/\/tvc16.com\/portal\/?p=12907"},"modified":"2021-04-14T10:49:27","modified_gmt":"2021-04-14T13:49:27","slug":"terminam-hoje-inscricoes-para-o-sisu-do-primeiro-semestre","status":"publish","type":"post","link":"https:\/\/tvc16.com\/portal\/2021\/04\/14\/terminam-hoje-inscricoes-para-o-sisu-do-primeiro-semestre\/","title":{"rendered":"Terminam hoje inscri\u00e7\u00f5es para o Sisu do primeiro semestre"},"content":{"rendered":"\n<h3 class=\"wp-block-heading\">Divulga\u00e7\u00e3o do resultado est\u00e1 prevista para o dia 16 de abril<\/h3>\n\n\n\n<h4 class=\"wp-block-heading\">Por Andreia Verd\u00e9lio \u2013 Rep\u00f3rter da Ag\u00eancia Brasil &#8211; Bras\u00edlia<\/h4>\n\n\n\n<p>Termina&nbsp;hoje&nbsp;(14), \u00e0s 23h59, o prazo de inscri\u00e7\u00f5es para o processo seletivo do Sistema de Sele\u00e7\u00e3o Unificada (Sisu) do primeiro semestre de 2021. Os estudantes devem realizar as inscri\u00e7\u00f5es, exclusivamente, por meio da&nbsp;<a href=\"https:\/\/sisu.mec.gov.br\/#\/\" target=\"_blank\" rel=\"noreferrer noopener\">p\u00e1gina do programa<\/a>&nbsp;na internet, utilizando o mesmo&nbsp;<em>login&nbsp;<\/em>cadastrado&nbsp;no&nbsp;<a href=\"https:\/\/sso.acesso.gov.br\/login?client_id=contas.acesso.gov.br&amp;authorization_id=178d032ab07]\" target=\"_blank\" rel=\"noreferrer noopener\">portal de servi\u00e7os do governo federal<\/a>.<img decoding=\"async\" src=\"https:\/\/agenciabrasil.ebc.com.br\/ebc.png?id=1406763&amp;o=node\"><img decoding=\"async\" src=\"https:\/\/agenciabrasil.ebc.com.br\/ebc.gif?id=1406763&amp;o=node\"><\/p>\n\n\n\n<p>O Sisu \u00e9 o programa do Minist\u00e9rio da Educa\u00e7\u00e3o (MEC) para acesso de brasileiros a um curso de gradua\u00e7\u00e3o em universidades p\u00fablicas do pa\u00eds. As vagas s\u00e3o abertas semestralmente, por meio de um sistema informatizado, e os candidatos s\u00e3o selecionados de acordo com suas notas no Exame Nacional do Ensino M\u00e9dio (Enem).<\/p>\n\n\n\n<p>Para esta sele\u00e7\u00e3o ser\u00e3o exigidos, exclusivamente, os&nbsp;<a href=\"https:\/\/agenciabrasil.ebc.com.br\/educacao\/noticia\/2021-03\/inep-divulga-notas-finais-do-enem\" target=\"_blank\" rel=\"noreferrer noopener\">resultados obtidos pelos estudantes no Enem de 2020<\/a>, aplicado neste ano. Para participar, o estudante n\u00e3o pode&nbsp;ter&nbsp;zerado a reda\u00e7\u00e3o.<\/p>\n\n\n\n<p>O per\u00edodo de inscri\u00e7\u00f5es do Sisu come\u00e7ou no dia&nbsp;6 de abril&nbsp;e terminaria no dia 9, mas foi&nbsp;<a href=\"https:\/\/agenciabrasil.ebc.com.br\/educacao\/noticia\/2021-04\/mec-prorroga-prazo-de-inscricao-para-o-sisu\" target=\"_blank\" rel=\"noreferrer noopener\">prorrogado<\/a>&nbsp;pelo Minist\u00e9rio da Educa\u00e7\u00e3o at\u00e9 esta&nbsp;quarta-feira. S\u00e3o ofertadas, nesta edi\u00e7\u00e3o, 206.609 mil vagas em 5.571 cursos de gradua\u00e7\u00e3o, distribu\u00eddos em 109 institui\u00e7\u00f5es em todos os estados do Brasil e no Distrito Federal.<\/p>\n\n\n\n<p>O resultado est\u00e1 previsto para ser divulgado no dia&nbsp;16 de abril. O&nbsp;processo de matr\u00edcula ser\u00e1 de 19 a&nbsp;23 de abril, em dias, hor\u00e1rios e locais de atendimento definidos por cada institui\u00e7\u00e3o de ensino.<\/p>\n\n\n\n<p>O estudante poder\u00e1 se inscrever no Sisu em at\u00e9 duas op\u00e7\u00f5es de vaga e especificar a ordem de prefer\u00eancia. Ele poder\u00e1 optar por concorrer \u00e0s vagas de ampla concorr\u00eancia ou aquelas reservadas a pol\u00edticas de a\u00e7\u00f5es afirmativas, as cotas. Entretanto, n\u00e3o \u00e9 permitida a inscri\u00e7\u00e3o em mais de uma modalidade de concorr\u00eancia para o mesmo curso e turno, na mesma institui\u00e7\u00e3o de ensino e local de oferta.<\/p>\n\n\n\n<h2 class=\"wp-block-heading\">Nota de corte<\/h2>\n\n\n\n<p>Durante o per\u00edodo de inscri\u00e7\u00e3o, o sistema disponibilizar\u00e1 ao candidato, em car\u00e1ter&nbsp;informativo, a nota de corte para cada institui\u00e7\u00e3o participante, local de oferta, curso, turno e modalidade de concorr\u00eancia. As informa\u00e7\u00f5es s\u00e3o atualizadas periodicamente conforme o processamento das inscri\u00e7\u00f5es. No caso, o estudante poder\u00e1 alterar as suas op\u00e7\u00f5es de curso, bem como efetuar o seu cancelamento. A classifica\u00e7\u00e3o no Sisu ser\u00e1 feita com base na \u00faltima altera\u00e7\u00e3o efetuada e confirmada no sistema.<\/p>\n\n\n\n<p>A partir deste ano, o&nbsp;<a href=\"https:\/\/agenciabrasil.ebc.com.br\/educacao\/noticia\/2021-04\/mec-calculara-nota-de-corte-do-sisu-pelo-modelo-vigente-ate-2019\" target=\"_blank\" rel=\"noreferrer noopener\">MEC voltar\u00e1 a calcular as notas de corte do Sisu<\/a>&nbsp;como fazia antes de 2020, quando o formato foi alterado. Assim, a nota do candidato parcialmente classificado no curso de sua primeira op\u00e7\u00e3o de inscri\u00e7\u00e3o n\u00e3o ser\u00e1 mais computada para efeito do c\u00e1lculo da nota de corte do curso de sua&nbsp;segunda&nbsp;op\u00e7\u00e3o.<\/p>\n\n\n\n<p>At\u00e9 ent\u00e3o, os candidatos tinham acesso \u00e0 classifica\u00e7\u00e3o tanto para a primeira quanto para a&nbsp;segunda&nbsp;op\u00e7\u00e3o de curso, independente de terem se classificado para a primeira op\u00e7\u00e3o. Entretanto, considerar a nota deles no c\u00e1lculo da&nbsp;segunda&nbsp;op\u00e7\u00e3o de curso pode fazer com que a nota de corte desses cursos aumente, gerando uma camuflagem e um aumento de notas de corte que pode n\u00e3o ser real.<\/p>\n\n\n\n<h2 class=\"wp-block-heading\">Lista de espera<\/h2>\n\n\n\n<p>O processo seletivo do Sisu referente \u00e0 primeira edi\u00e7\u00e3o de 2021 vai ocorrer em uma \u00fanica chamada. Para participar da lista de espera, o estudante dever\u00e1 manifestar seu interesse por meio da p\u00e1gina do Sisu na internet, no per\u00edodo de 16 a&nbsp;23 de abril, em apenas um dos cursos para o qual optou por concorrer.<\/p>\n\n\n\n<p>Aquele que foi selecionado na chamada regular em uma de suas op\u00e7\u00f5es de vaga n\u00e3o poder\u00e1 participar da lista de espera, independentemente de&nbsp;ter&nbsp;realizado ou n\u00e3o sua matr\u00edcula na institui\u00e7\u00e3o. Os procedimentos para preenchimento das vagas n\u00e3o ocupadas na chamada regular ser\u00e3o definidos em edital pr\u00f3prio de cada institui\u00e7\u00e3o participante.<\/p>\n\n\n\n<p>Edi\u00e7\u00e3o: Maria Claudia<\/p>\n","protected":false},"excerpt":{"rendered":"<p>Divulga\u00e7\u00e3o do resultado est\u00e1 prevista para o dia 16 de abril Por Andreia Verd\u00e9lio \u2013<\/p>\n","protected":false},"author":2,"featured_media":12908,"comment_status":"open","ping_status":"open","sticky":false,"template":"","format":"standard","meta":{"footnotes":""},"categories":[17],"tags":[],"class_list":["post-12907","post","type-post","status-publish","format-standard","has-post-thumbnail","hentry","category-outras-noticias"],"_links":{"self":[{"href":"https:\/\/tvc16.com\/portal\/wp-json\/wp\/v2\/posts\/12907","targetHints":{"allow":["GET"]}}],"collection":[{"href":"https:\/\/tvc16.com\/portal\/wp-json\/wp\/v2\/posts"}],"about":[{"href":"https:\/\/tvc16.com\/portal\/wp-json\/wp\/v2\/types\/post"}],"author":[{"embeddable":true,"href":"https:\/\/tvc16.com\/portal\/wp-json\/wp\/v2\/users\/2"}],"replies":[{"embeddable":true,"href":"https:\/\/tvc16.com\/portal\/wp-json\/wp\/v2\/comments?post=12907"}],"version-history":[{"count":1,"href":"https:\/\/tvc16.com\/portal\/wp-json\/wp\/v2\/posts\/12907\/revisions"}],"predecessor-version":[{"id":12909,"href":"https:\/\/tvc16.com\/portal\/wp-json\/wp\/v2\/posts\/12907\/revisions\/12909"}],"wp:featuredmedia":[{"embeddable":true,"href":"https:\/\/tvc16.com\/portal\/wp-json\/wp\/v2\/media\/12908"}],"wp:attachment":[{"href":"https:\/\/tvc16.com\/portal\/wp-json\/wp\/v2\/media?parent=12907"}],"wp:term":[{"taxonomy":"category","embeddable":true,"href":"https:\/\/tvc16.com\/portal\/wp-json\/wp\/v2\/categories?post=12907"},{"taxonomy":"post_tag","embeddable":true,"href":"https:\/\/tvc16.com\/portal\/wp-json\/wp\/v2\/tags?post=12907"}],"curies":[{"name":"wp","href":"https:\/\/api.w.org\/{rel}","templated":true}]}}