{"id":12910,"date":"2021-04-14T10:51:38","date_gmt":"2021-04-14T13:51:38","guid":{"rendered":"https:\/\/tvc16.com\/portal\/?p=12910"},"modified":"2021-04-14T10:51:41","modified_gmt":"2021-04-14T13:51:41","slug":"deputado-federal-morre-em-brasilia-vitima-de-covid-19","status":"publish","type":"post","link":"https:\/\/tvc16.com\/portal\/2021\/04\/14\/deputado-federal-morre-em-brasilia-vitima-de-covid-19\/","title":{"rendered":"Deputado federal morre em Bras\u00edlia v\u00edtima de covid-19"},"content":{"rendered":"\n<h3 class=\"wp-block-heading\">Jos\u00e9 Carlos Schiavinato (PP-PR) tinha 66 anos<\/h3>\n\n\n\n<h4 class=\"wp-block-heading\">Por Luciano Nascimento &#8211; Rep\u00f3rter da Ag\u00eancia Brasil &#8211; Bras\u00edlia<\/h4>\n\n\n\n<p>O deputado federal Jos\u00e9 Carlos Schiavinato (PP-PR) morreu v\u00edtima da covid-19, na noite de ontem (13), em Bras\u00edlia. Natural de Iguara\u00e7u, no norte do Paran\u00e1, ele tinha 66 anos e estava internado desde 3 de mar\u00e7o na capital da Rep\u00fablica. Segundo a assessoria do parlamentar, o corpo ser\u00e1 trasladado de Bras\u00edlia para Toledo (PR).<img decoding=\"async\" src=\"https:\/\/agenciabrasil.ebc.com.br\/ebc.png?id=1406764&amp;o=node\"><img decoding=\"async\" src=\"https:\/\/agenciabrasil.ebc.com.br\/ebc.gif?id=1406764&amp;o=node\"><\/p>\n\n\n\n<p>Mulher do deputado, Marlene Schiavinato tamb\u00e9m morreu v\u00edtima da doen\u00e7a, no dia 12 de mar\u00e7o. Mas, de acordo com a assessoria, o deputado n\u00e3o chegou a ser informado da morte da companheira.<\/p>\n\n\n\n<p>Schiavinato estava em seu primeiro mandato na C\u00e2mara dos Deputados. Ele era membro titular da Comiss\u00e3o de Agricultura, Pecu\u00e1ria, Abastecimento e Desenvolvimento Rural, tendo integrado tamb\u00e9m as comiss\u00f5es especiais de Pol\u00edtica de Mobilidade Urbana e da Proposta de Emenda \u00e0 Constitui\u00e7\u00e3o (PEC) 391\/17, que aumenta repasses para o Fundo de Participa\u00e7\u00e3o dos Munic\u00edpios (FPM).<\/p>\n\n\n\n<p>Engenheiro civil formado pela Universidade Estadual de Maring\u00e1 (UEM), foi deputado estadual no Paran\u00e1 (2015-2018) e prefeito de Toledo (PR) por dois mandatos (2005-2012).<\/p>\n\n\n\n<h2 class=\"wp-block-heading\">Luto oficial<\/h2>\n\n\n\n<p>Em raz\u00e3o da morte do parlamentar, o presidente da C\u00e2mara, Arthur Lira (PP-AL), prestou homenagens \u00e0 fam\u00edlia e decretou luto oficial e a suspens\u00e3o dos trabalhos na Casa. &#8220;Com pesar, recebo a informa\u00e7\u00e3o do falecimento do deputado e colega de partido Jos\u00e9 Carlos Schiavinato. Estou decretando luto oficial na C\u00e2mara dos Deputados. Est\u00e3o suspensos hoje todos os trabalhos em plen\u00e1rio e nas comiss\u00f5es. Minhas condol\u00eancias aos familiares neste dif\u00edcil momento&#8221;, disse Lira, por meio de uma rede social.<\/p>\n\n\n\n<p>Edi\u00e7\u00e3o: Kleber Sampaio<\/p>\n","protected":false},"excerpt":{"rendered":"<p>Jos\u00e9 Carlos Schiavinato (PP-PR) tinha 66 anos Por Luciano Nascimento &#8211; Rep\u00f3rter da Ag\u00eancia Brasil<\/p>\n","protected":false},"author":2,"featured_media":12911,"comment_status":"open","ping_status":"open","sticky":false,"template":"","format":"standard","meta":{"footnotes":""},"categories":[17],"tags":[],"class_list":["post-12910","post","type-post","status-publish","format-standard","has-post-thumbnail","hentry","category-outras-noticias"],"_links":{"self":[{"href":"https:\/\/tvc16.com\/portal\/wp-json\/wp\/v2\/posts\/12910","targetHints":{"allow":["GET"]}}],"collection":[{"href":"https:\/\/tvc16.com\/portal\/wp-json\/wp\/v2\/posts"}],"about":[{"href":"https:\/\/tvc16.com\/portal\/wp-json\/wp\/v2\/types\/post"}],"author":[{"embeddable":true,"href":"https:\/\/tvc16.com\/portal\/wp-json\/wp\/v2\/users\/2"}],"replies":[{"embeddable":true,"href":"https:\/\/tvc16.com\/portal\/wp-json\/wp\/v2\/comments?post=12910"}],"version-history":[{"count":1,"href":"https:\/\/tvc16.com\/portal\/wp-json\/wp\/v2\/posts\/12910\/revisions"}],"predecessor-version":[{"id":12912,"href":"https:\/\/tvc16.com\/portal\/wp-json\/wp\/v2\/posts\/12910\/revisions\/12912"}],"wp:featuredmedia":[{"embeddable":true,"href":"https:\/\/tvc16.com\/portal\/wp-json\/wp\/v2\/media\/12911"}],"wp:attachment":[{"href":"https:\/\/tvc16.com\/portal\/wp-json\/wp\/v2\/media?parent=12910"}],"wp:term":[{"taxonomy":"category","embeddable":true,"href":"https:\/\/tvc16.com\/portal\/wp-json\/wp\/v2\/categories?post=12910"},{"taxonomy":"post_tag","embeddable":true,"href":"https:\/\/tvc16.com\/portal\/wp-json\/wp\/v2\/tags?post=12910"}],"curies":[{"name":"wp","href":"https:\/\/api.w.org\/{rel}","templated":true}]}}