{"id":12921,"date":"2021-04-15T08:46:26","date_gmt":"2021-04-15T11:46:26","guid":{"rendered":"https:\/\/tvc16.com\/portal\/?p=12921"},"modified":"2021-04-15T08:46:28","modified_gmt":"2021-04-15T11:46:28","slug":"obras-vao-interditar-hoje-15-a-rua-dom-pedro","status":"publish","type":"post","link":"https:\/\/tvc16.com\/portal\/2021\/04\/15\/obras-vao-interditar-hoje-15-a-rua-dom-pedro\/","title":{"rendered":"Obras v\u00e3o interditar hoje (15) a Rua Dom Pedro"},"content":{"rendered":"\n<p>Foto: internet<\/p>\n\n\n\n<p>A Rua Dom Pedro, no Centro, foi interditada na manh\u00e3 desta quinta-feira (15) para a realiza\u00e7\u00e3o da obra de recupera\u00e7\u00e3o de uma manilha da rede de \u00e1guas pluviais. O trafego de ve\u00edculos foi interrompido \u00e0s 8h da manh\u00e3, por isso, as linhas de \u00f4nibus que passam pelo local ter\u00e3o o trajeto alterado para a Avenida Imperatriz, seguindo pela Raul de Leoni e Avenida Ipiranga.<\/p>\n\n\n\n<p>A via faz parte do trajeto dos \u00f4nibus que atendem a Comunidade do Ventura, Terminal Corr\u00eaas (300 e 330) e Terminal Itamarati (340). De acordo com a Companhia Petropolitana de Tr\u00e2nsito e Transporte \u2013 CPTrans, o ponto de embarque e desembarque vai permanecer no Bosque do Imperador.<\/p>\n\n\n\n<p>A obra, de acordo com a companhia, vai acontecer em frente ao n\u00famero 226. As interdi\u00e7\u00f5es v\u00e3o acontecer na altura do Bosque do Imperador e na Pra\u00e7a Tabeli\u00e3o Moret, na sa\u00edda da Rua Fonseca Ramos. O acesso na via ser\u00e1 permitido apenas aos moradores.<\/p>\n\n\n\n<p>A princ\u00edpio, \u00e9 necess\u00e1rio o reparo ou substitui\u00e7\u00e3o de apenas uma manilha. \u201cPor\u00e9m, somente com a perfura\u00e7\u00e3o do piso, ser\u00e1 poss\u00edvel fazer uma avalia\u00e7\u00e3o mais ampla do servi\u00e7o que dever\u00e1 ser executado, e assim, ter uma previs\u00e3o do tempo necess\u00e1rio para a realiza\u00e7\u00e3o das interven\u00e7\u00f5es\u201d, explica Carlos Muller, diretor de manuten\u00e7\u00e3o vi\u00e1ria.<\/p>\n","protected":false},"excerpt":{"rendered":"<p>Foto: internet A Rua Dom Pedro, no Centro, foi interditada na manh\u00e3 desta quinta-feira (15)<\/p>\n","protected":false},"author":2,"featured_media":12922,"comment_status":"open","ping_status":"open","sticky":false,"template":"","format":"standard","meta":{"footnotes":""},"categories":[12],"tags":[],"class_list":["post-12921","post","type-post","status-publish","format-standard","has-post-thumbnail","hentry","category-cidade"],"_links":{"self":[{"href":"https:\/\/tvc16.com\/portal\/wp-json\/wp\/v2\/posts\/12921","targetHints":{"allow":["GET"]}}],"collection":[{"href":"https:\/\/tvc16.com\/portal\/wp-json\/wp\/v2\/posts"}],"about":[{"href":"https:\/\/tvc16.com\/portal\/wp-json\/wp\/v2\/types\/post"}],"author":[{"embeddable":true,"href":"https:\/\/tvc16.com\/portal\/wp-json\/wp\/v2\/users\/2"}],"replies":[{"embeddable":true,"href":"https:\/\/tvc16.com\/portal\/wp-json\/wp\/v2\/comments?post=12921"}],"version-history":[{"count":1,"href":"https:\/\/tvc16.com\/portal\/wp-json\/wp\/v2\/posts\/12921\/revisions"}],"predecessor-version":[{"id":12923,"href":"https:\/\/tvc16.com\/portal\/wp-json\/wp\/v2\/posts\/12921\/revisions\/12923"}],"wp:featuredmedia":[{"embeddable":true,"href":"https:\/\/tvc16.com\/portal\/wp-json\/wp\/v2\/media\/12922"}],"wp:attachment":[{"href":"https:\/\/tvc16.com\/portal\/wp-json\/wp\/v2\/media?parent=12921"}],"wp:term":[{"taxonomy":"category","embeddable":true,"href":"https:\/\/tvc16.com\/portal\/wp-json\/wp\/v2\/categories?post=12921"},{"taxonomy":"post_tag","embeddable":true,"href":"https:\/\/tvc16.com\/portal\/wp-json\/wp\/v2\/tags?post=12921"}],"curies":[{"name":"wp","href":"https:\/\/api.w.org\/{rel}","templated":true}]}}