{"id":12927,"date":"2021-04-15T08:51:56","date_gmt":"2021-04-15T11:51:56","guid":{"rendered":"https:\/\/tvc16.com\/portal\/?p=12927"},"modified":"2021-04-15T08:51:58","modified_gmt":"2021-04-15T11:51:58","slug":"secretaria-de-educacao-divulga-ganhadores-do-concurso-em-homenagem-ao-aniversario-de-petropolis","status":"publish","type":"post","link":"https:\/\/tvc16.com\/portal\/2021\/04\/15\/secretaria-de-educacao-divulga-ganhadores-do-concurso-em-homenagem-ao-aniversario-de-petropolis\/","title":{"rendered":"Secretaria de Educa\u00e7\u00e3o divulga ganhadores do concurso em homenagem ao anivers\u00e1rio de Petr\u00f3polis"},"content":{"rendered":"\n<p>Foto: Oimenu<\/p>\n\n\n\n<p>Alunos premiados ganhar\u00e3o celulares e curso de ingl\u00eas; servidores, di\u00e1ria, vouchers, curso e livros<\/p>\n\n\n\n<p>A\u00e7\u00e3o contou com apoio e parceria da Turispetro, Rede Kastel, Chocolate Katz, \u00c1guas do Imperador, Academia Locatelli, Petiscaria Imperial, Brasas Idiomas<\/p>\n\n\n\n<p>\u201cPetr\u00f3polis- n\u00f3s cuidamos do meio ambiente: nossa terra, nossa \u00e1gua e nossa hist\u00f3ria\u201d. Esse foi o tema do concurso realizado pela Secretaria de Educa\u00e7\u00e3o em homenagem ao anivers\u00e1rio de Petr\u00f3polis na rede de Educa\u00e7\u00e3o nos meses de mar\u00e7o e abril. Alunos e servidores foram convidados a participar com desenhos, fotografias e poesias que, atrav\u00e9s de originalidade e criatividade, pudessem retratar o tema proposto.<\/p>\n\n\n\n<p>Ao todo, a Secretaria de Educa\u00e7\u00e3o recebeu 152 trabalhos e, ap\u00f3s uma an\u00e1lise criteriosa da comiss\u00e3o avaliadora os melhores foram escolhidos. A expectativa \u00e9 de que premia\u00e7\u00e3o ocorrer\u00e1 ainda nesse m\u00eas. A data ser\u00e1 marcada pela Secretaria de Educa\u00e7\u00e3o: os ganhadores poder\u00e3o retirar os pr\u00eamios por meio do agendamento pr\u00e9vio feito pela secretaria que entrar\u00e1 em contato com os selecionados.<\/p>\n\n\n\n<p>\u201cAgradecemos a parceria e o apoio das institui\u00e7\u00f5es que tornaram o concurso poss\u00edvel. Esse tipo de a\u00e7\u00e3o \u00e9 muito importante para a rede porque resgata a nossa hist\u00f3ria, o pertencimento da comunidade e chama aten\u00e7\u00e3o para essa quest\u00e3o que \u00e9 a preserva\u00e7\u00e3o. Est\u00e3o todos de parab\u00e9ns pela participa\u00e7\u00e3o\u201d, disse o prefeito interino, Hingo Hammes.<\/p>\n\n\n\n<p>O concurso contou com apoio e parceria da Turispetro, Rede Kastel, Chocolate Katz, \u00c1guas do Imperador, Academia Locatelli, Petiscaria Imperial, Brasas Idiomas e foi dividido em tr\u00eas modalidades: desenho, fotografia e poesia. As categorias foram definidas de acordo com o ano de escolaridade para manter uma concorr\u00eancia justa entre os participantes.<\/p>\n\n\n\n<p>\u201cRecebemos trabalhos lind\u00edssimos que chamaram a aten\u00e7\u00e3o pela criatividade e bom gosto. Nesse momento em que estamos distantes fisicamente, o concurso serviu como grande incentivador para as nossas crian\u00e7as. Agrade\u00e7o as equipes que se empenharam e participaram conosco desse desafio\u201d, afirmou a secret\u00e1ria de Educa\u00e7\u00e3o, Marcia Palma.<\/p>\n\n\n\n<p>Seguindo as regras do regulamento, ser\u00e3o agraciados, de acordo com as categorias:<\/p>\n\n\n\n<p>Concurso de Desenho:<\/p>\n\n\n\n<p>Categoria A: Beatriz das Gra\u00e7as Batista Gomes \u2013 EM Dom Pedro de Alc\u00e2ntara \u2013 5\u00ba per\u00edodo da Educa\u00e7\u00e3o Infantil.<\/p>\n\n\n\n<p>Categoria B: Kau\u00e3 Vict\u00f3rio Dutra dos Santos \u2013 Escola Santa Bernardete \u2013 3\u00ba ano do Ensino Fundamental;<\/p>\n\n\n\n<p>Categoria C: Amanda Santino de S\u00e1 Boaventura \u2013 EM Augusto Pugnaloni \u2013 5\u00ba ano do Ensino Fundamental;<\/p>\n\n\n\n<p>Os tr\u00eas alunos ganhar\u00e3o um celular &#8211; patroc\u00ednio Aguas do Imperador e tamb\u00e9m duas mensalidades gr\u00e1tis no Curso de Ingl\u00eas Brasas \u2013 pr\u00eamio n\u00e3o cumulativo com promo\u00e7\u00f5es em vigor.<\/p>\n\n\n\n<p>Concurso de Fotografia:<\/p>\n\n\n\n<p>Categoria A: Maria Ol\u00edvia Cordeiro Quintanilha \u2013 EM Monsenhor Jo\u00e3o de Deus Rodrigues \u2013 7\u00ba ano do Ensino Fundamental;<\/p>\n\n\n\n<p>Categoria B: Vanessa Alves Vieira Neves \u2013 Escola S\u00e3o Judas Tadeu \u2013 9\u00ba ano do Ensino Fundamental;<\/p>\n\n\n\n<p>Categoria C: Aline Aparecida Santa Rita \u2013 EM Major J\u00falio Frederico Koeller \u2013 Educa\u00e7\u00e3o de Jovens e Adultos;<br>Os tr\u00eas alunos ganhar\u00e3o um celular &#8211; patroc\u00ednio \u00c1guas do Imperador e tamb\u00e9m duas mensalidades gr\u00e1tis no Curso de Ingl\u00eas Brasas \u2013 pr\u00eamio n\u00e3o cumulativo com promo\u00e7\u00f5es em vigor.<\/p>\n\n\n\n<p>Concurso Liter\u00e1rio:<\/p>\n\n\n\n<p>1\u00ba Colocado: Tania Cristina Soares Pereira Maia \u2013 Liceu Municipal Prefeito Cordolino Ambr\u00f3sio;<\/p>\n\n\n\n<p>2\u00ba Colocado: Juliana Pereira Macedo Pimenta \u2013 Escola S\u00e3o Crist\u00f3v\u00e3o;<\/p>\n\n\n\n<p>3\u00ba Colocado: Roberta Rufino de Freitas \u2013 CEI Vila S\u00e3o Jos\u00e9<\/p>\n\n\n\n<p>4\u00ba Colocado: Sidneia Gon\u00e7alves Soares Neves \u2013 EM Monsenhor Cirilo Calaon;<\/p>\n\n\n\n<p>5\u00ba Colocado: Alex Sander F\u00e9lix Magrani \u2013 EM Arnaldo Dyckerhoff;<\/p>\n\n\n\n<p>Premia\u00e7\u00e3o:<\/p>\n\n\n\n<p>1\u00ba colocado: 1 (uma) di\u00e1ria para 2 (duas) pessoas em um hotel da rede Kastel e tr\u00eas meses gr\u00e1tis de atividades na Academia Locatelli \u2013 plano fitness (intransfer\u00edvel);<\/p>\n\n\n\n<p>2\u00ba colocado: 2 (dois) vouchers para o caf\u00e9 da Princesa Isabel na Chocolate Katz e dois meses gr\u00e1tis de atividades na Academia Locatelli- plano fitness (intransfer\u00edvel);<\/p>\n\n\n\n<p>3\u00ba colocado: 2 (dois) vouchers para rod\u00edzio de petiscos na Petiscaria Imperial e 1 (um) m\u00eas gr\u00e1tis de atividades na Academia Locatelli- plano fitness (intransfer\u00edvel);<\/p>\n\n\n\n<p>Os tr\u00eas primeiros colocados ganhar\u00e3o, ainda, duas mensalidades gr\u00e1tis no Curso de Ingl\u00eas Brasas \u2013 pr\u00eamio n\u00e3o cumulativo com promo\u00e7\u00f5es em vigor.<\/p>\n\n\n\n<p>Os cinco melhores textos receber\u00e3o tamb\u00e9m um exemplar do livro: Uma noite em Petr\u00f3polis, do autor Arthur Azevedo.<\/p>\n","protected":false},"excerpt":{"rendered":"<p>Foto: Oimenu Alunos premiados ganhar\u00e3o celulares e curso de ingl\u00eas; servidores, di\u00e1ria, vouchers, curso e<\/p>\n","protected":false},"author":2,"featured_media":12928,"comment_status":"open","ping_status":"open","sticky":false,"template":"","format":"standard","meta":{"footnotes":""},"categories":[12],"tags":[],"class_list":["post-12927","post","type-post","status-publish","format-standard","has-post-thumbnail","hentry","category-cidade"],"_links":{"self":[{"href":"https:\/\/tvc16.com\/portal\/wp-json\/wp\/v2\/posts\/12927","targetHints":{"allow":["GET"]}}],"collection":[{"href":"https:\/\/tvc16.com\/portal\/wp-json\/wp\/v2\/posts"}],"about":[{"href":"https:\/\/tvc16.com\/portal\/wp-json\/wp\/v2\/types\/post"}],"author":[{"embeddable":true,"href":"https:\/\/tvc16.com\/portal\/wp-json\/wp\/v2\/users\/2"}],"replies":[{"embeddable":true,"href":"https:\/\/tvc16.com\/portal\/wp-json\/wp\/v2\/comments?post=12927"}],"version-history":[{"count":1,"href":"https:\/\/tvc16.com\/portal\/wp-json\/wp\/v2\/posts\/12927\/revisions"}],"predecessor-version":[{"id":12929,"href":"https:\/\/tvc16.com\/portal\/wp-json\/wp\/v2\/posts\/12927\/revisions\/12929"}],"wp:featuredmedia":[{"embeddable":true,"href":"https:\/\/tvc16.com\/portal\/wp-json\/wp\/v2\/media\/12928"}],"wp:attachment":[{"href":"https:\/\/tvc16.com\/portal\/wp-json\/wp\/v2\/media?parent=12927"}],"wp:term":[{"taxonomy":"category","embeddable":true,"href":"https:\/\/tvc16.com\/portal\/wp-json\/wp\/v2\/categories?post=12927"},{"taxonomy":"post_tag","embeddable":true,"href":"https:\/\/tvc16.com\/portal\/wp-json\/wp\/v2\/tags?post=12927"}],"curies":[{"name":"wp","href":"https:\/\/api.w.org\/{rel}","templated":true}]}}