{"id":12933,"date":"2021-04-15T08:55:21","date_gmt":"2021-04-15T11:55:21","guid":{"rendered":"https:\/\/tvc16.com\/portal\/?p=12933"},"modified":"2021-04-15T08:55:23","modified_gmt":"2021-04-15T11:55:23","slug":"rua-paulo-barbosa-sera-interditada-no-domingo","status":"publish","type":"post","link":"https:\/\/tvc16.com\/portal\/2021\/04\/15\/rua-paulo-barbosa-sera-interditada-no-domingo\/","title":{"rendered":"Rua Paulo Barbosa ser\u00e1 interditada no domingo"},"content":{"rendered":"\n<p>Foto: Petr\u00f3polis.rj<\/p>\n\n\n\n<p>Motoristas que precisarem acessar a Rua Paulo Barbosa, no domingo pela manh\u00e3, precisam ficar atentos. Isso porque, a via ser\u00e1 interditada para a entrega de um maquin\u00e1rio de grande porte para o Supermercado Ter\u00ea Frutas.<\/p>\n\n\n\n<p>A previs\u00e3o \u00e9 de que a via seja fechada por volta das 6h da manh\u00e3 e o fluxo de ve\u00edculos interrompido at\u00e9 \u00e0s 12h. No per\u00edodo, as linhas de \u00f4nibus que fazem ponto naquela via ser\u00e3o transferidas para a Rua Visconde de Souza Franco.<\/p>\n\n\n\n<p>Para a opera\u00e7\u00e3o, ser\u00e1 necess\u00e1ria a utiliza\u00e7\u00e3o de um guindaste j\u00e1 que o equipamento dever\u00e1 ser i\u00e7ado at\u00e9 o terceiro andar do pr\u00e9dio. \u201cEstamos trabalhando para garantir uma log\u00edstica eficiente. Toda a sinaliza\u00e7\u00e3o est\u00e1 sendo providenciada e os agentes de tr\u00e2nsito mobilizados. Embora seja um domingo de manh\u00e3, quando o fluxo de ve\u00edculos no trecho \u00e9 pequeno, queremos garantir que o impacto seja irrelevante\u201d, explica Luciano Moreira, presidente da companhia.<\/p>\n","protected":false},"excerpt":{"rendered":"<p>Foto: Petr\u00f3polis.rj Motoristas que precisarem acessar a Rua Paulo Barbosa, no domingo pela manh\u00e3, precisam<\/p>\n","protected":false},"author":2,"featured_media":12934,"comment_status":"open","ping_status":"open","sticky":false,"template":"","format":"standard","meta":{"footnotes":""},"categories":[12],"tags":[],"class_list":["post-12933","post","type-post","status-publish","format-standard","has-post-thumbnail","hentry","category-cidade"],"_links":{"self":[{"href":"https:\/\/tvc16.com\/portal\/wp-json\/wp\/v2\/posts\/12933","targetHints":{"allow":["GET"]}}],"collection":[{"href":"https:\/\/tvc16.com\/portal\/wp-json\/wp\/v2\/posts"}],"about":[{"href":"https:\/\/tvc16.com\/portal\/wp-json\/wp\/v2\/types\/post"}],"author":[{"embeddable":true,"href":"https:\/\/tvc16.com\/portal\/wp-json\/wp\/v2\/users\/2"}],"replies":[{"embeddable":true,"href":"https:\/\/tvc16.com\/portal\/wp-json\/wp\/v2\/comments?post=12933"}],"version-history":[{"count":1,"href":"https:\/\/tvc16.com\/portal\/wp-json\/wp\/v2\/posts\/12933\/revisions"}],"predecessor-version":[{"id":12935,"href":"https:\/\/tvc16.com\/portal\/wp-json\/wp\/v2\/posts\/12933\/revisions\/12935"}],"wp:featuredmedia":[{"embeddable":true,"href":"https:\/\/tvc16.com\/portal\/wp-json\/wp\/v2\/media\/12934"}],"wp:attachment":[{"href":"https:\/\/tvc16.com\/portal\/wp-json\/wp\/v2\/media?parent=12933"}],"wp:term":[{"taxonomy":"category","embeddable":true,"href":"https:\/\/tvc16.com\/portal\/wp-json\/wp\/v2\/categories?post=12933"},{"taxonomy":"post_tag","embeddable":true,"href":"https:\/\/tvc16.com\/portal\/wp-json\/wp\/v2\/tags?post=12933"}],"curies":[{"name":"wp","href":"https:\/\/api.w.org\/{rel}","templated":true}]}}