{"id":12946,"date":"2021-04-15T10:14:08","date_gmt":"2021-04-15T13:14:08","guid":{"rendered":"https:\/\/tvc16.com\/portal\/?p=12946"},"modified":"2021-04-15T10:14:11","modified_gmt":"2021-04-15T13:14:11","slug":"olhos-podem-ser-afetados-pela-infeccao-por-covid-19","status":"publish","type":"post","link":"https:\/\/tvc16.com\/portal\/2021\/04\/15\/olhos-podem-ser-afetados-pela-infeccao-por-covid-19\/","title":{"rendered":"Olhos podem ser afetados pela infec\u00e7\u00e3o por covid-19"},"content":{"rendered":"\n<p>Estudos recentes apontam que os olhos podem ser afetados pelo novo coronav\u00edrus. Para al\u00e9m dos sintomas que s\u00e3o observados tradicionalmente, como a dificuldade para respirar, dor de cabe\u00e7a, tosse e febre, outros podem ocorrer nos olhos. De acordo com a oftalmologista Ana Lu\u00edsa Aleixo, um dos quadros observados \u00e9 a conjuntivite, que \u00e9 eventual e autolimitada.<\/p>\n\n\n\n<p>&#8220;O Sars Cov-2 pode causar conjuntivite em cerca de 1 a 3% dos pacientes. As manifesta\u00e7\u00f5es s\u00e3o leves e os casos bilaterais, r\u00e1pidos e autolimitados. O paciente pode perceber os olhos discretamente vermelhos, lacrimejamento e desconforto discreto&#8221;, explica.<\/p>\n\n\n\n<p>Apesar de n\u00e3o ser comum o acometimento ocular na Covid-19, h\u00e1 diversos relatos cl\u00ednicos de problemas visuais que v\u00e3o al\u00e9m da conjuntivite.<\/p>\n\n\n\n<p>&#8220;Os relatos indicam que alguns indiv\u00edduos apresentam fotofobia, que \u00e9 a sensibilidade \u00e0 luz e ceratite. Mas, raramente pode haver baixa de vis\u00e3o por acometimento do nervo \u00f3ptico, al\u00e9m de paralisias de nervos cranianos e at\u00e9 oclus\u00f5es arteriais e venosas da retina. Algumas altera\u00e7\u00f5es s\u00e3o decorrentes da a\u00e7\u00e3o direta do v\u00edrus e outras do estado inflamat\u00f3rio e de hipercoagulabilidade pr\u00f3prios da doen\u00e7a&#8221;, detalha Ana Lu\u00edsa.<\/p>\n\n\n\n<p>Segundo a especialista, por se tratar de uma doen\u00e7a considerada nova \u00e9 poss\u00edvel que outras manifesta\u00e7\u00f5es venham a ser associadas no futuro. Tamb\u00e9m \u00e9 dif\u00edcil determinar uma rela\u00e7\u00e3o causal direta e mais estudos s\u00e3o necess\u00e1rios para determinar se todas s\u00e3o realmente causadas pela Covid.<\/p>\n\n\n\n<p>Caso o paciente perceba qualquer altera\u00e7\u00e3o visual \u00e9 importante procurar o oftalmologista. Durante a pandemia, alguns especialistas est\u00e3o atendendo na modalidade de teleconsulta e orienta\u00e7\u00e3o remota, que podem ajudar na triagem de casos que precisam de atendimento presencial e podem tranquilizar o paciente em casos leves.<\/p>\n\n\n\n<p>A m\u00e9dica d\u00e1 ainda dicas para manter os cuidados em rela\u00e7\u00e3o \u00e0 sa\u00fade dos olhos, n\u00e3o interrompendo tratamento e acompanhamento de doen\u00e7as cr\u00f4nicas como o glaucoma. Um outro problema frequente que vem sendo relatado \u00e9 a quest\u00e3o do olho seco, que pode estar associado ao uso inapropriado das m\u00e1scaras. <\/p>\n\n\n\n<p>&#8220;Quando o item est\u00e1 mal adaptado, com o fluxo de ar direcionado para os olhos, pode aumentar a evapora\u00e7\u00e3o da l\u00e1grima e levar a sintomas de olho seco. Tamb\u00e9m devemos lembrar que a mucosa conjuntival pode ser porta de entrada do v\u00edrus e por isso deve ser protegida com face shield e \u00f3culos de prote\u00e7\u00e3o, em determinadas situa\u00e7\u00f5es em que h\u00e1 alto risco de exposi\u00e7\u00e3o ao v\u00edrus. Nesse momento cr\u00edtico da epidemia \u00e9 importante manter o distanciamento social, usar m\u00e1scaras de boa qualidade e bem adaptadas ao rosto. Al\u00e9m disso, n\u00e3o se pode esquecer de manter o afastamento de 2 metros em filas e ambientes fechados, caprichar na higiene das m\u00e3os e tomar a vacina quando chegar a sua vez&#8221;, pontua a oftalmologista.<\/p>\n","protected":false},"excerpt":{"rendered":"<p>Estudos recentes apontam que os olhos podem ser afetados pelo novo coronav\u00edrus. Para al\u00e9m dos<\/p>\n","protected":false},"author":2,"featured_media":12947,"comment_status":"open","ping_status":"open","sticky":false,"template":"","format":"standard","meta":{"footnotes":""},"categories":[12],"tags":[],"class_list":["post-12946","post","type-post","status-publish","format-standard","has-post-thumbnail","hentry","category-cidade"],"_links":{"self":[{"href":"https:\/\/tvc16.com\/portal\/wp-json\/wp\/v2\/posts\/12946","targetHints":{"allow":["GET"]}}],"collection":[{"href":"https:\/\/tvc16.com\/portal\/wp-json\/wp\/v2\/posts"}],"about":[{"href":"https:\/\/tvc16.com\/portal\/wp-json\/wp\/v2\/types\/post"}],"author":[{"embeddable":true,"href":"https:\/\/tvc16.com\/portal\/wp-json\/wp\/v2\/users\/2"}],"replies":[{"embeddable":true,"href":"https:\/\/tvc16.com\/portal\/wp-json\/wp\/v2\/comments?post=12946"}],"version-history":[{"count":1,"href":"https:\/\/tvc16.com\/portal\/wp-json\/wp\/v2\/posts\/12946\/revisions"}],"predecessor-version":[{"id":12948,"href":"https:\/\/tvc16.com\/portal\/wp-json\/wp\/v2\/posts\/12946\/revisions\/12948"}],"wp:featuredmedia":[{"embeddable":true,"href":"https:\/\/tvc16.com\/portal\/wp-json\/wp\/v2\/media\/12947"}],"wp:attachment":[{"href":"https:\/\/tvc16.com\/portal\/wp-json\/wp\/v2\/media?parent=12946"}],"wp:term":[{"taxonomy":"category","embeddable":true,"href":"https:\/\/tvc16.com\/portal\/wp-json\/wp\/v2\/categories?post=12946"},{"taxonomy":"post_tag","embeddable":true,"href":"https:\/\/tvc16.com\/portal\/wp-json\/wp\/v2\/tags?post=12946"}],"curies":[{"name":"wp","href":"https:\/\/api.w.org\/{rel}","templated":true}]}}