{"id":12955,"date":"2021-04-15T10:19:59","date_gmt":"2021-04-15T13:19:59","guid":{"rendered":"https:\/\/tvc16.com\/portal\/?p=12955"},"modified":"2021-04-15T10:20:01","modified_gmt":"2021-04-15T13:20:01","slug":"sp-deve-aumentar-frota-de-onibus-para-reduzir-aglomeracoes-diz-iema","status":"publish","type":"post","link":"https:\/\/tvc16.com\/portal\/2021\/04\/15\/sp-deve-aumentar-frota-de-onibus-para-reduzir-aglomeracoes-diz-iema\/","title":{"rendered":"SP deve aumentar frota de \u00f4nibus para reduzir aglomera\u00e7\u00f5es, diz Iema"},"content":{"rendered":"\n<h3 class=\"wp-block-heading\">M\u00e9dia \u00e9 de 12 mil \u00f4nibus em dias \u00fateis desde junho de 2020<\/h3>\n\n\n\n<h4 class=\"wp-block-heading\">Por Camila Boehm &#8211; Rep\u00f3rter da Ag\u00eancia Brasil &#8211; S\u00e3o Paulo<\/h4>\n\n\n\n<p>O n\u00famero m\u00e9dio de viagens de passageiros por dia \u00fatil nos \u00f4nibus da capital paulista aumentou em 300 mil&nbsp;de janeiro&nbsp;para fevereiro deste ano, enquanto a quantidade de \u00f4nibus permaneceu inalterada, mostrou boletim do Monitor de \u00d4nibus SP, do&nbsp;<a href=\"https:\/\/energiaeambiente.org.br\/onibus-sp\" target=\"_blank\" rel=\"noreferrer noopener\">Instituto de Energia e Meio Ambiente<\/a>&nbsp;(Iema). Por meio dessa ferramenta&nbsp;<em>online<\/em>, \u00e9 poss\u00edvel acompanhar indicadores do transporte p\u00fablico paulistano&nbsp;de \u00f4nibus.<img decoding=\"async\" src=\"https:\/\/agenciabrasil.ebc.com.br\/ebc.png?id=1406881&amp;o=node\"><img decoding=\"async\" src=\"https:\/\/agenciabrasil.ebc.com.br\/ebc.gif?id=1406881&amp;o=node\"><\/p>\n\n\n\n<p>Em m\u00e9dia, houve 5,3 milh\u00f5es de viagens nos \u00f4nibus p\u00fablicos da capital paulista em cada dia \u00fatil&nbsp;de fevereiro&nbsp;deste ano. Desde maio de 2020, ap\u00f3s os primeiros meses de ades\u00e3o ao distanciamento social, o n\u00famero de locomo\u00e7\u00f5es por meio de \u00f4nibus p\u00fablicos tem aumentado gradualmente na cidade. No entanto, a frota permanece com m\u00e9dia de 12 mil \u00f4nibus circulando em dias \u00fateis desde junho do ano passado.<\/p>\n\n\n\n<p>Como a aglomera\u00e7\u00e3o pode favorecer a transmiss\u00e3o do novo coronav\u00edrus, o instituto avalia que deveria haver aumento da frota para minimizar o problema, com n\u00famero&nbsp;equivalente, no m\u00ednimo, ao per\u00edodo anterior \u00e0 pandemia: 13 mil \u00f4nibus em dias \u00fateis. \u201cPara evitar aglomera\u00e7\u00f5es no transporte p\u00fablico por \u00f4nibus, por que n\u00e3o manter minimamente a frota em sua capacidade operacional pr\u00e9-pandemia?\u201d, questionou David Tsai, pesquisador do Iema. De acordo com o instituto, os dados foram produzidos a partir de ferramentas p\u00fablicas da Secretaria Municipal de Mobilidade e Transporte (SPTrans).<\/p>\n\n\n\n<p>Em janeiro do ano passado, antes da pandemia, eram 7,5 milh\u00f5es de viagens de passageiros em \u00f4nibus da capital, passando para 8,4 milh\u00f5es em fevereiro e para 6,1 milh\u00f5es em mar\u00e7o. Naqueles meses, a frota era de 13 mil \u00f4nibus por dia, em m\u00e9dia, informou o Iema. Em abril e maio do ano passado, a frota m\u00e9dia de \u00f4nibus circulantes na cidade foi reduzida para cerca de 8 mil ve\u00edculos, e o n\u00famero m\u00e9dio de viagens era de, respectivamente, 2,7 milh\u00f5es e 2,9 milh\u00f5es por dia \u00fatil.<\/p>\n\n\n\n<p>\u201cNa \u00e9poca, a medida foi criticada por favorecer a aglomera\u00e7\u00e3o de passageiros, mesmo com a demanda de viagens menor do que antes da pandemia. No m\u00eas seguinte, a frota foi ajustada, tendo se estabelecido em cerca de 12 mil coletivos. Esse valor segue at\u00e9 agora\u201d, segundo o boletim. Apesar do aumento gradual nos meses seguintes, a frota se manteve na m\u00e9dia de 12 mil ve\u00edculos. Em junho, foram 3,4 milh\u00f5es de viagens de passageiros por dia nos \u00f4nibus p\u00fablicos da capital; em julho, 4 milh\u00f5es; em agosto, 4,6 milh\u00f5es; em setembro, 4,7 milh\u00f5es&nbsp;e, em outubro, 4,9 milh\u00f5es.<\/p>\n\n\n\n<p>O m\u00eas&nbsp;de novembro&nbsp;chegou aos 5,1 milh\u00f5es e, em dezembro do ano passado e janeiro deste ano, as viagens se mantiveram em 5 milh\u00f5es. O Iema ressaltou que, em geral, menos pessoas utilizam o transporte p\u00fablico por \u00f4nibus nos meses de f\u00e9rias &#8211; dezembro e janeiro -, o que explicaria as menores m\u00e9dias observadas no per\u00edodo, e era esperado um aumento de passageiros para fevereiro, baseando-se na tend\u00eancia recente.<\/p>\n\n\n\n<p>Apesar do n\u00famero de viagens em fevereiro de 2021 corresponder a apenas 60% do total do mesmo m\u00eas do ano anterior, David Tsai disse&nbsp;que a concentra\u00e7\u00e3o em hor\u00e1rios de pico continua ocorrendo. \u201cGrande parcela da popula\u00e7\u00e3o continua precisando se deslocar para trabalhar e, para isso, depende do transporte p\u00fablico.\u201d<\/p>\n\n\n\n<p>Para o pesquisador Felipe Barcellos, tamb\u00e9m do Iema, \u201ca falta de \u00f4nibus em circula\u00e7\u00e3o no hor\u00e1rio de pico se torna uma sens\u00edvel e importante quest\u00e3o de sa\u00fade p\u00fablica, bem como de direito de circula\u00e7\u00e3o digna das pessoas. A pandemia tem colocado em xeque, Brasil afora, os modelos vigentes de sustenta\u00e7\u00e3o do transporte p\u00fablico coletivo. Faz-se necess\u00e1rio viabilizar formas de garantir um adequado e constantemente aprimorado sistema de mobilidade para a popula\u00e7\u00e3o\u201d.<\/p>\n\n\n\n<h2 class=\"wp-block-heading\">Prefeitura<\/h2>\n\n\n\n<p>A prefeitura de S\u00e3o Paulo, por meio da SPTrans, informou que a frota de \u00f4nibus das linhas municipais da cidade foi mantida acima da demanda apresentada desde o in\u00edcio da pandemia, em mar\u00e7o de 2020. No momento, a frota do sistema de transportes est\u00e1 mantida em 88,25% em toda a cidade e em 93,34% nos bairros mais afastados do centro, para uma demanda de menos da metade de passageiros, considerando os n\u00fameros do per\u00edodo anterior \u00e0 pandemia no ano passado.<\/p>\n\n\n\n<p>Na primeira quinzena&nbsp;de mar\u00e7o de 2020, antes das medidas de distanciamento social na cidade, a m\u00e9dia era de 3,3 milh\u00f5es de pessoas transportadas por dia \u00fatil, de acordo com o munic\u00edpio. Em janeiro de 2021, a m\u00e9dia de pessoas transportadas nos \u00f4nibus municipais por dia \u00fatil foi de 1,88 milh\u00e3o, passando para 1,98 milh\u00e3o em fevereiro e caindo para 1,69 milh\u00e3o em mar\u00e7o, com a frota sendo mantida em 11.308 ve\u00edculos neste primeiro trimestre.<\/p>\n\n\n\n<p>O padr\u00e3o dos dados informados pelo munic\u00edpio e pelo Iema s\u00e3o diferentes, sendo que o primeiro contabilizou o n\u00famero de pessoas transportadas por dia, enquanto o segundo computou a quantidade de viagens. Uma pessoa pode fazer mais de uma viagem em \u00f4nibus p\u00fablico por dia.<\/p>\n\n\n\n<p>Sobre as medidas preventivas adotadas, a prefeitura informou que o uso de m\u00e1scaras \u00e9 obrigat\u00f3rio durante toda a viagem por todos os passageiros, motoristas e cobradores. Acrescentou que a SPTrans adotou uma s\u00e9rie de medidas preventivas em rela\u00e7\u00e3o \u00e0 covid-19, como refor\u00e7o na higieniza\u00e7\u00e3o dos ve\u00edculos e nos terminais, principalmente nos locais onde h\u00e1 contato mais frequente dos passageiros, como bala\u00fastres, corrim\u00e3os e assentos.<\/p>\n\n\n\n<p>A partir&nbsp;de maio&nbsp;de 2020, a SPTrans informou que passou a publicar diariamente o&nbsp;<a href=\"http:\/\/www.cetsp.com.br\/consultas\/especial-covid-19\/boletim-diario-de-mobilidade-e-transportes-covid-19.aspx\" target=\"_blank\" rel=\"noreferrer noopener\">Boletim de Mobilidade e Transportes<\/a>, contendo o n\u00famero de passageiros transportados e a frota programada.<\/p>\n\n\n\n<p>Edi\u00e7\u00e3o: Gra\u00e7a Adjuto<\/p>\n","protected":false},"excerpt":{"rendered":"<p>M\u00e9dia \u00e9 de 12 mil \u00f4nibus em dias \u00fateis desde junho de 2020 Por Camila<\/p>\n","protected":false},"author":2,"featured_media":12956,"comment_status":"open","ping_status":"open","sticky":false,"template":"","format":"standard","meta":{"footnotes":""},"categories":[17],"tags":[],"class_list":["post-12955","post","type-post","status-publish","format-standard","has-post-thumbnail","hentry","category-outras-noticias"],"_links":{"self":[{"href":"https:\/\/tvc16.com\/portal\/wp-json\/wp\/v2\/posts\/12955","targetHints":{"allow":["GET"]}}],"collection":[{"href":"https:\/\/tvc16.com\/portal\/wp-json\/wp\/v2\/posts"}],"about":[{"href":"https:\/\/tvc16.com\/portal\/wp-json\/wp\/v2\/types\/post"}],"author":[{"embeddable":true,"href":"https:\/\/tvc16.com\/portal\/wp-json\/wp\/v2\/users\/2"}],"replies":[{"embeddable":true,"href":"https:\/\/tvc16.com\/portal\/wp-json\/wp\/v2\/comments?post=12955"}],"version-history":[{"count":1,"href":"https:\/\/tvc16.com\/portal\/wp-json\/wp\/v2\/posts\/12955\/revisions"}],"predecessor-version":[{"id":12957,"href":"https:\/\/tvc16.com\/portal\/wp-json\/wp\/v2\/posts\/12955\/revisions\/12957"}],"wp:featuredmedia":[{"embeddable":true,"href":"https:\/\/tvc16.com\/portal\/wp-json\/wp\/v2\/media\/12956"}],"wp:attachment":[{"href":"https:\/\/tvc16.com\/portal\/wp-json\/wp\/v2\/media?parent=12955"}],"wp:term":[{"taxonomy":"category","embeddable":true,"href":"https:\/\/tvc16.com\/portal\/wp-json\/wp\/v2\/categories?post=12955"},{"taxonomy":"post_tag","embeddable":true,"href":"https:\/\/tvc16.com\/portal\/wp-json\/wp\/v2\/tags?post=12955"}],"curies":[{"name":"wp","href":"https:\/\/api.w.org\/{rel}","templated":true}]}}