{"id":1296,"date":"2020-09-26T12:27:12","date_gmt":"2020-09-26T12:27:12","guid":{"rendered":"https:\/\/tvc16.com\/portal\/?p=1296"},"modified":"2020-09-26T12:27:12","modified_gmt":"2020-09-26T12:27:12","slug":"appo-promove-serie-de-eventos-para-celebrar-o-mes-de-conscientizacao-do-cancer-de-mama","status":"publish","type":"post","link":"https:\/\/tvc16.com\/portal\/2020\/09\/26\/appo-promove-serie-de-eventos-para-celebrar-o-mes-de-conscientizacao-do-cancer-de-mama\/","title":{"rendered":"APPO promove s\u00e9rie de eventos para celebrar o m\u00eas de conscientiza\u00e7\u00e3o do C\u00e2ncer de Mama"},"content":{"rendered":"\n<p>Os tradicionais eventos como o Ch\u00e1 Rosa e a caminhada foram adaptados, como parte dos protocolos adotados para evitar aglomera\u00e7\u00f5es durante a pandemia da Covid-19<\/p>\n\n\n\n<p>A Associa\u00e7\u00e3o Petropolitana dos Pacientes Oncol\u00f3gicos, APPO, j\u00e1 est\u00e1 a todo vapor, com a Campanha Outubro Rosa de 2020, que ser\u00e1 realizada de forma remota, respeitando as medidas de seguran\u00e7a estabelecidas pela Organiza\u00e7\u00e3o Mundial de Sa\u00fade. Com o tema \u201cO c\u00e2ncer n\u00e3o espera\u201d, durante todo o m\u00eas, ser\u00e3o realizadas atividades para destacar a import\u00e2ncia da conscientiza\u00e7\u00e3o, do diagn\u00f3stico precoce e do autocuidado com as mamas.<\/p>\n\n\n\n<p>A programa\u00e7\u00e3o se inicia na pr\u00f3xima quinta, dia 1\u00ba de Outubro, \u00e1s 20h com uma live beneficente realizada em parceria com o Hipershopping. No evento, a apresentadora Amanda Leontina vai receber membros da Associa\u00e7\u00e3o e vitoriosas, al\u00e9m de mostrar um pouco do trabalho realizado na Casa de Apoio. A transmiss\u00e3o vai contar com o show da Dupla \u201cDois num Samba\u201d.<\/p>\n\n\n\n<p>J\u00e1 no dia 07\/10, o jornalista V\u00edtor Mattos e o mastologista Carlos Vinicius Pereira Leite, participam de um bate papo sobre a import\u00e2ncia de cuidar preventivamente das mamas e como identificar o c\u00e2ncer nesta regi\u00e3o de forma precoce. A live acontece pelo Instagram da APPO, tamb\u00e9m as 20h.<\/p>\n\n\n\n<p>No dia 19 de Outubro, um mutir\u00e3o de consultas das \u00d3ticas Itinerante ser\u00e1 promovido na Casa de Apoio. Seguindo os protocolos estabelecidos pela Organiza\u00e7\u00e3o Mundial de Sa\u00fade, este parceiro vai oferecer consultas aos nossos assistidos e familiares, al\u00e9m do p\u00fablico em geral, que poder\u00e1 inclusive, adquirir os \u00f3culos a pre\u00e7os populares. Para agendar, basta contatar um dos telefones abaixo: 24 99274-1377 (Aline) ou 21 97290-7888 (Andr\u00e9a). As vagas s\u00e3o limitadas e com hor\u00e1rio marcado.<\/p>\n\n\n\n<p>No dia 21 de Outubro, ser\u00e1 realizado o tradicional ch\u00e1 rosa, com cestas que ser\u00e3o entregues via delivery para os participantes. A ideia \u00e9 que das suas casas, as pessoas participem deste movimento, que arrecada fundos para as a\u00e7\u00f5es promovidas em torno dos pacientes assistidos pela institui\u00e7\u00e3o. Cada kit custa 30 reais e podem ser adquiridos mediante contato telef\u00f4nico com a sede da associa\u00e7\u00e3o pelo n\u00famero: (24) 2242-0956<\/p>\n\n\n\n<p>Encerrando a programa\u00e7\u00e3o, no dia 31\/10 a partir das 15h, ser\u00e1 realizada a caminhada virtual, com a participa\u00e7\u00e3o de pessoas de toda a cidade vestindo rosa e colorindo a transmiss\u00e3o que ser\u00e1 realizada pelo perfil da APPO no Facebook. O conte\u00fado vai trazer informa\u00e7\u00f5es sobre o c\u00e2ncer de mama com especialistas esclarecendo o assunto, depoimentos de vitoriosas, al\u00e9m de uma s\u00e9rie de homenagens, que prometem emocionar.<\/p>\n\n\n\n<p>Outros detalhes da programa\u00e7\u00e3o ser\u00e3o divulgados ao longo das pr\u00f3ximas semanas.<\/p>\n\n\n\n<p>\u201cN\u00f3s n\u00e3o poder\u00edamos deixar de fazer atividades t\u00e3o essenciais pra difundir o conhecimento em torno do c\u00e2ncer de mama. Al\u00e9m do ch\u00e1 rosa e da nossa caminhada, que s\u00e3o algumas das programa\u00e7\u00f5es que vamos manter, a informa\u00e7\u00e3o \u00e9 um bem precioso. Por isso, precisamos aproveitar esse m\u00eas, para trazer tudo o que pudermos de conte\u00fado para que cada vez mais, as pessoas saibam que o diagn\u00f3stico precoce, garante a vida e \u00e9 primordial para o tratamento\u201d, diz a presidente da APPO, Ana Cristina Coelho Mattos.<\/p>\n\n\n\n<p>Foto: divulga\u00e7\u00e3o<\/p>\n","protected":false},"excerpt":{"rendered":"<p>Os tradicionais eventos como o Ch\u00e1 Rosa e a caminhada foram adaptados, como parte dos<\/p>\n","protected":false},"author":2,"featured_media":1297,"comment_status":"open","ping_status":"open","sticky":false,"template":"","format":"standard","meta":{"footnotes":""},"categories":[12],"tags":[],"class_list":["post-1296","post","type-post","status-publish","format-standard","has-post-thumbnail","hentry","category-cidade"],"_links":{"self":[{"href":"https:\/\/tvc16.com\/portal\/wp-json\/wp\/v2\/posts\/1296","targetHints":{"allow":["GET"]}}],"collection":[{"href":"https:\/\/tvc16.com\/portal\/wp-json\/wp\/v2\/posts"}],"about":[{"href":"https:\/\/tvc16.com\/portal\/wp-json\/wp\/v2\/types\/post"}],"author":[{"embeddable":true,"href":"https:\/\/tvc16.com\/portal\/wp-json\/wp\/v2\/users\/2"}],"replies":[{"embeddable":true,"href":"https:\/\/tvc16.com\/portal\/wp-json\/wp\/v2\/comments?post=1296"}],"version-history":[{"count":1,"href":"https:\/\/tvc16.com\/portal\/wp-json\/wp\/v2\/posts\/1296\/revisions"}],"predecessor-version":[{"id":1298,"href":"https:\/\/tvc16.com\/portal\/wp-json\/wp\/v2\/posts\/1296\/revisions\/1298"}],"wp:featuredmedia":[{"embeddable":true,"href":"https:\/\/tvc16.com\/portal\/wp-json\/wp\/v2\/media\/1297"}],"wp:attachment":[{"href":"https:\/\/tvc16.com\/portal\/wp-json\/wp\/v2\/media?parent=1296"}],"wp:term":[{"taxonomy":"category","embeddable":true,"href":"https:\/\/tvc16.com\/portal\/wp-json\/wp\/v2\/categories?post=1296"},{"taxonomy":"post_tag","embeddable":true,"href":"https:\/\/tvc16.com\/portal\/wp-json\/wp\/v2\/tags?post=1296"}],"curies":[{"name":"wp","href":"https:\/\/api.w.org\/{rel}","templated":true}]}}