{"id":12961,"date":"2021-04-15T10:23:22","date_gmt":"2021-04-15T13:23:22","guid":{"rendered":"https:\/\/tvc16.com\/portal\/?p=12961"},"modified":"2021-04-15T10:23:24","modified_gmt":"2021-04-15T13:23:24","slug":"argentina-amplia-toque-de-recolher-obrigatorio","status":"publish","type":"post","link":"https:\/\/tvc16.com\/portal\/2021\/04\/15\/argentina-amplia-toque-de-recolher-obrigatorio\/","title":{"rendered":"Argentina amplia toque de recolher obrigat\u00f3rio"},"content":{"rendered":"\n<h2 class=\"wp-block-heading\">Argentina amplia toque de recolher obrigat\u00f3rio<\/h2>\n\n\n\n<h3 class=\"wp-block-heading\">Foram suspensas v\u00e1rias atividades, incluindo aulas presenciais<\/h3>\n\n\n\n<h4 class=\"wp-block-heading\">Por RTP &#8211; Buenos Aires<\/h4>\n\n\n\n<p>O presidente argentino, Alberto Fern\u00e1ndez, ampliou o hor\u00e1rio do toque de&nbsp;recolher, anunciado uma semana antes, e suspendeu uma s\u00e9rie de atividades, incluindo as aulas presenciais, at\u00e9 30 de abril, para evitar a satura\u00e7\u00e3o de doentes com covid-19 nos hospitais.<img decoding=\"async\" src=\"https:\/\/agenciabrasil.ebc.com.br\/ebc.png?id=1406882&amp;o=node\"><img decoding=\"async\" src=\"https:\/\/agenciabrasil.ebc.com.br\/ebc.gif?id=1406882&amp;o=node\"><\/p>\n\n\n\n<p>&#8220;O que tentamos na semana passada foi pouco. Todo o esfor\u00e7o que fizemos at\u00e9 aqui parece insuficiente \u00e0 luz de como aumentam os cont\u00e1gios na Argentina. Por isso, decidi que entre as 20h&nbsp;e as 6h&nbsp;ningu\u00e9m&nbsp;poder\u00e1 circular pelas ruas&#8221;, disse&nbsp;Fern\u00e1ndez, em rede nacional de r\u00e1dio e TV.<\/p>\n\n\n\n<p>H\u00e1 uma semana, Fern\u00e1ndez tinha anunciado um toque de recolher entre a meia-noite e as seis da manh\u00e3. Al\u00e9m disso, tinha determinado&nbsp;que bares e restaurantes s\u00f3 funcionassem at\u00e9 as 23h, hor\u00e1rio que tamb\u00e9m diminuiu em quatro horas.<\/p>\n\n\n\n<p>&#8220;Todas as atividades comerciais s\u00f3 poder\u00e3o ocorrer&nbsp;entre as 9h&nbsp;e as 19h. As atividades gastron\u00f4micas ficar\u00e3o fechadas em hor\u00e1rio noturno. Tamb\u00e9m suspendi todas as atividades recreativas, sociais, culturais, desportivas e religiosas em lugares fechados&#8221;, disse&nbsp;o presidente, incluindo na lista aquilo que o governo prometera que seria a \u00faltima atividade a ser fechada: as escolas.<\/p>\n\n\n\n<p>&#8220;Todas essas medidas incluem a suspens\u00e3o de aulas, durante duas semanas, a partir de segunda-feira [19]. Alunos e professores n\u00e3o ir\u00e3o \u00e0 escola. A educa\u00e7\u00e3o ser\u00e1 virtual, a dist\u00e2ncia. As demais medidas come\u00e7aram a valer a partir da zero hora de sexta-feira e v\u00e3o at\u00e9 o dia 30 de abril&#8221;, afirmou, acrescentando&nbsp;que as medidas visam a atingir&nbsp;dois objetivos: &#8220;n\u00e3o interromper a campanha de vacina\u00e7\u00e3o e evitar que o sistema de sa\u00fade fique saturado&#8221;.<\/p>\n\n\n\n<p>V\u00e1rias cl\u00ednicas do sistema de sa\u00fade privado, onde 70% dos argentinos s\u00e3o atendidos, est\u00e3o pr\u00f3ximas da satura\u00e7\u00e3o, especialmente na \u00e1rea metropolitana de Buenos Aires. No sistema de sa\u00fade p\u00fablico, a ocupa\u00e7\u00e3o de leitos&nbsp;de cuidados intensivos est\u00e1 em 70%.<\/p>\n\n\n\n<p>&#8220;H\u00e1 um m\u00eas, t\u00ednhamos 45.498 casos de cont\u00e1gios. Na semana passada, 122.468 casos. Nesta semana, o n\u00famero ser\u00e1 maior. Isso significa que multiplicamos por mais de duas&nbsp;a quantidade de cont\u00e1gios em apenas um m\u00eas&#8221;.<\/p>\n\n\n\n<p>As medidas s\u00e3o&nbsp;destinadas \u00e0 \u00e1rea metropolitana de Buenos Aires que abrange a capital argentina, onde vivem 3&nbsp;milh\u00f5es de habitantes, al\u00e9m de mais dez distritos com 13 milh\u00f5es de pessoas.<\/p>\n\n\n\n<h2 class=\"wp-block-heading\">Protestos<\/h2>\n\n\n\n<p>Logo ap\u00f3s o an\u00fancio das medidas, milhares de pessoas come\u00e7aram um forte panela\u00e7o de protesto na maioria dos bairros de Buenos Aires. Primeiro&nbsp;pelas janelas,&nbsp;depois, pelas ruas. Em frente \u00e0 resid\u00eancia presidencial, milhares de pessoas protestaram.<\/p>\n\n\n\n<p>No ano passado, a Argentina manteve a mais prolongada quarentena do mundo, com 233 dias de isolamento, que provocou milhares de fal\u00eancias e uma queda de 10% no Produto Interno Bruto&nbsp;(PIB).<\/p>\n\n\n\n<p>Em apenas um ano, a pandemia j\u00e1 deixou na Argentina quase o dobro de mortos: 58.542. S\u00f3 nas \u00faltimas 24 horas foram registrados 368 \u00f3bitos.<\/p>\n\n\n\n<p>Com 45 milh\u00f5es de habitantes, o n\u00famero de casos&nbsp;chega a 2,604 milh\u00f5es, com 25.157 novos casos nas \u00faltimas 24 horas.<\/p>\n","protected":false},"excerpt":{"rendered":"<p>Argentina amplia toque de recolher obrigat\u00f3rio Foram suspensas v\u00e1rias atividades, incluindo aulas presenciais Por RTP<\/p>\n","protected":false},"author":2,"featured_media":12962,"comment_status":"open","ping_status":"open","sticky":false,"template":"","format":"standard","meta":{"footnotes":""},"categories":[17],"tags":[],"class_list":["post-12961","post","type-post","status-publish","format-standard","has-post-thumbnail","hentry","category-outras-noticias"],"_links":{"self":[{"href":"https:\/\/tvc16.com\/portal\/wp-json\/wp\/v2\/posts\/12961","targetHints":{"allow":["GET"]}}],"collection":[{"href":"https:\/\/tvc16.com\/portal\/wp-json\/wp\/v2\/posts"}],"about":[{"href":"https:\/\/tvc16.com\/portal\/wp-json\/wp\/v2\/types\/post"}],"author":[{"embeddable":true,"href":"https:\/\/tvc16.com\/portal\/wp-json\/wp\/v2\/users\/2"}],"replies":[{"embeddable":true,"href":"https:\/\/tvc16.com\/portal\/wp-json\/wp\/v2\/comments?post=12961"}],"version-history":[{"count":1,"href":"https:\/\/tvc16.com\/portal\/wp-json\/wp\/v2\/posts\/12961\/revisions"}],"predecessor-version":[{"id":12963,"href":"https:\/\/tvc16.com\/portal\/wp-json\/wp\/v2\/posts\/12961\/revisions\/12963"}],"wp:featuredmedia":[{"embeddable":true,"href":"https:\/\/tvc16.com\/portal\/wp-json\/wp\/v2\/media\/12962"}],"wp:attachment":[{"href":"https:\/\/tvc16.com\/portal\/wp-json\/wp\/v2\/media?parent=12961"}],"wp:term":[{"taxonomy":"category","embeddable":true,"href":"https:\/\/tvc16.com\/portal\/wp-json\/wp\/v2\/categories?post=12961"},{"taxonomy":"post_tag","embeddable":true,"href":"https:\/\/tvc16.com\/portal\/wp-json\/wp\/v2\/tags?post=12961"}],"curies":[{"name":"wp","href":"https:\/\/api.w.org\/{rel}","templated":true}]}}