{"id":12964,"date":"2021-04-15T10:24:37","date_gmt":"2021-04-15T13:24:37","guid":{"rendered":"https:\/\/tvc16.com\/portal\/?p=12964"},"modified":"2021-04-15T10:24:39","modified_gmt":"2021-04-15T13:24:39","slug":"apos-derrota-na-justica-andre-brasil-admite-incerteza-sobre-futuro","status":"publish","type":"post","link":"https:\/\/tvc16.com\/portal\/2021\/04\/15\/apos-derrota-na-justica-andre-brasil-admite-incerteza-sobre-futuro\/","title":{"rendered":"Ap\u00f3s derrota na Justi\u00e7a, Andr\u00e9 Brasil admite incerteza sobre futuro"},"content":{"rendered":"\n<h3 class=\"wp-block-heading\">Nadador paral\u00edmpico segue ineleg\u00edvel nas provas em que \u00e9 especialista<\/h3>\n\n\n\n<ul class=\"wp-block-list\"><li>Por Lincoln Chaves &#8211; Rep\u00f3rter da TV Brasil e da R\u00e1dio Nacional &#8211; S\u00e3o Paulo<\/li><\/ul>\n\n\n\n<p>H\u00e1 uma semana, Andr\u00e9 Brasil teve negada, pela Justi\u00e7a alem\u00e3, a a\u00e7\u00e3o que impetrou contra o Comit\u00ea Paral\u00edmpico Internacional (IPC, sigla em ingl\u00eas) pela reclassifica\u00e7\u00e3o funcional \u00e0 qual foi submetido h\u00e1 dois anos e que o tornou ineleg\u00edvel para a nata\u00e7\u00e3o paral\u00edmpica nas provas em que \u00e9 especialista. A resposta sobre quais os pr\u00f3ximos passos a serem dados \u00e9 algo que o nadador 14 vezes medalhista em Paralimp\u00edadas e outras 32 em Campeonatos Mundiais ainda busca.<img decoding=\"async\" src=\"https:\/\/agenciabrasil.ebc.com.br\/ebc.png?id=1406860&amp;o=node\"><img decoding=\"async\" src=\"https:\/\/agenciabrasil.ebc.com.br\/ebc.gif?id=1406860&amp;o=node\"><\/p>\n\n\n\n<p>\u201c[Sobre recorrer] \u00e9 algo que venho conversando com o advogado, mas preciso entender, amadurecer algumas ideias, tomar conhecimento de que j\u00e1 n\u00e3o ser\u00e1 mais a forma como eu gostaria de encerrar [a carreira]. Tenho que conversar com meus terapeutas e psic\u00f3logos e assimilar esse momento de ansiedade e ang\u00fastia. O tempo cura, mas ele urge. Nesse momento, ainda sou atleta profissional, mas se n\u00e3o vier a ser mais, como preciso me posicionar daqui para a frente? \u00c9 um sentimento de que tomaram, digamos, uma decis\u00e3o [sobre a carreira] sem minha pr\u00e9via autoriza\u00e7\u00e3o\u201d, disse Andr\u00e9, \u00e0&nbsp;<strong>Ag\u00eancia Brasil<\/strong>.<\/p>\n\n\n\n<p>A classifica\u00e7\u00e3o funcional define a categoria do atleta no esporte adaptado. Na nata\u00e7\u00e3o, as classes de 1 a 10 s\u00e3o voltadas a pessoas com defici\u00eancias f\u00edsico-motoras. Quanto maior \u00e9 o n\u00famero, menor o grau de comprometimento. Andr\u00e9 fazia parte da classe S (do ingl\u00eas swimming) 10. Ele teve poliomielite aos dois meses de vida, ap\u00f3s rea\u00e7\u00e3o \u00e0 vacina, e sequelas na perna esquerda.<\/p>\n\n\n\n<p>Em abril de 2019, antes de um torneio internacional em S\u00e3o Paulo, o nadador passou por uma reclassifica\u00e7\u00e3o, ap\u00f3s o IPC promover mudan\u00e7as nas regras de avalia\u00e7\u00e3o, em 2018. As duas bancas de especialistas, que o analisaram dentro e fora da \u00e1gua, n\u00e3o o consideraram apto \u00e0 S10 nos nados livre, costas e borboleta. Como n\u00e3o h\u00e1 uma categoria acima, Andr\u00e9 ficou ineleg\u00edvel nestas provas. A exce\u00e7\u00e3o \u00e9 o peito, estilo em que o carioca de 36 anos ainda poderia lutar por vaga na Olimp\u00edada de T\u00f3quio (Jap\u00e3o), mas que nunca foi sua especialidade.<\/p>\n\n\n\n<p>\u201cA \u00faltima vez que nadei oficialmente os 100 [metros nado] peito foi em Guadalajara [M\u00e9xico, nos Jogos Parapan-Americanos], em 2011. Foi uma jornada de dez anos [desde ent\u00e3o], com o corpo diferente e, principalmente, um nado em que, talvez, eu n\u00e3o venha a dar um resultado que me coloque na disputa para os Jogos. Por isso o meu posicionamento de que n\u00e3o tenho mais chance [de classifica\u00e7\u00e3o pra T\u00f3quio]\u201d, argumentou.<\/p>\n\n\n\n<p>Na a\u00e7\u00e3o, Andr\u00e9 teve apoio do Comit\u00ea Paral\u00edmpico Brasileiro (CPB). Assinada pelo presidente Mizael Conrado, a nota da entidade afirma que a altera\u00e7\u00e3o nos crit\u00e9rios para classifica\u00e7\u00e3o funcional \u201cn\u00e3o foi pautado pela ci\u00eancia e nem tampouco por pesquisa que pudesse retratar a equidade do esporte paral\u00edmpico\u201d. A cr\u00edtica faz coro a uma das reclama\u00e7\u00f5es do nadador, que recebeu tr\u00eas pontos (de cinco poss\u00edveis) na avalia\u00e7\u00e3o dentro da \u00e1gua, por causa de um movimento de tornozelo que, segundo ele, n\u00e3o condiz com a defici\u00eancia na perna esquerda.<\/p>\n\n\n\n<p>Nas an\u00e1lises dentro e fora da \u00e1gua, o atleta acumula um m\u00e1ximo de 300 pontos, o que representa uma pessoa sem defici\u00eancia para locomo\u00e7\u00e3o. Para um nadador estar apto \u00e0s provas paral\u00edmpicas, a soma m\u00e1xima \u00e9 de 285 pontos. Andr\u00e9, na reclassifica\u00e7\u00e3o de 2019, obteve um ponto a mais.<\/p>\n\n\n\n<p>\u201cA defici\u00eancia do Andr\u00e9 n\u00e3o \u00e9 progressiva, ela s\u00f3 limita ainda mais os movimentos. Portanto, como justificar ent\u00e3o tudo o que ele conquistou? Denominamos esta mudan\u00e7a na classifica\u00e7\u00e3o como um dos mais tristes epis\u00f3dios da hist\u00f3ria do paralimpismo mundial. O fato de o Andr\u00e9 Brasil n\u00e3o ter tido nova oportunidade de classifica\u00e7\u00e3o aumenta nossa tristeza e deixa a d\u00favida se a prioridade do esporte s\u00e3o os atletas\u201d, conclui a nota do CPB.<\/p>\n\n\n\n<p>Outro questionamento de Andr\u00e9 e do CPB diz respeito \u00e0 presen\u00e7a da chefe dos classificadores no torneio que o nadador disputaria em S\u00e3o Paulo nas duas bancas de avalia\u00e7\u00e3o. Eles argumentam que ela n\u00e3o poderia ter se envolvido nas duas an\u00e1lises.<\/p>\n\n\n\n<p>\u201cEm 2018, fiz uma cirurgia no ombro que me fez refletir sobre muitas coisas, inclusive minha continuidade. Isso [inelegibilidade] veio a acelerar o pensamento. N\u00e3o sei se [o futuro] ser\u00e1 na borda da piscina, como t\u00e9cnico, mas, hoje, acredito que seria [atuando] nos bastidores. A gente n\u00e3o pode ficar \u00e0 merc\u00ea de um sistema que determina a vida das pessoas de uma forma que, no meu entender, \u00e9 injusta, por ser subjetiva. A toada que o movimento do esporte adaptado tem levado na classifica\u00e7\u00e3o cada vez mais dificulta a vida de quem sonha em se tornar um atleta paral\u00edmpico\u201d, finalizou Andr\u00e9.<\/p>\n\n\n\n<p>Edi\u00e7\u00e3o: F\u00e1bio Lisboa<\/p>\n","protected":false},"excerpt":{"rendered":"<p>Nadador paral\u00edmpico segue ineleg\u00edvel nas provas em que \u00e9 especialista Por Lincoln Chaves &#8211; Rep\u00f3rter<\/p>\n","protected":false},"author":2,"featured_media":12965,"comment_status":"open","ping_status":"open","sticky":false,"template":"","format":"standard","meta":{"footnotes":""},"categories":[17],"tags":[],"class_list":["post-12964","post","type-post","status-publish","format-standard","has-post-thumbnail","hentry","category-outras-noticias"],"_links":{"self":[{"href":"https:\/\/tvc16.com\/portal\/wp-json\/wp\/v2\/posts\/12964","targetHints":{"allow":["GET"]}}],"collection":[{"href":"https:\/\/tvc16.com\/portal\/wp-json\/wp\/v2\/posts"}],"about":[{"href":"https:\/\/tvc16.com\/portal\/wp-json\/wp\/v2\/types\/post"}],"author":[{"embeddable":true,"href":"https:\/\/tvc16.com\/portal\/wp-json\/wp\/v2\/users\/2"}],"replies":[{"embeddable":true,"href":"https:\/\/tvc16.com\/portal\/wp-json\/wp\/v2\/comments?post=12964"}],"version-history":[{"count":1,"href":"https:\/\/tvc16.com\/portal\/wp-json\/wp\/v2\/posts\/12964\/revisions"}],"predecessor-version":[{"id":12966,"href":"https:\/\/tvc16.com\/portal\/wp-json\/wp\/v2\/posts\/12964\/revisions\/12966"}],"wp:featuredmedia":[{"embeddable":true,"href":"https:\/\/tvc16.com\/portal\/wp-json\/wp\/v2\/media\/12965"}],"wp:attachment":[{"href":"https:\/\/tvc16.com\/portal\/wp-json\/wp\/v2\/media?parent=12964"}],"wp:term":[{"taxonomy":"category","embeddable":true,"href":"https:\/\/tvc16.com\/portal\/wp-json\/wp\/v2\/categories?post=12964"},{"taxonomy":"post_tag","embeddable":true,"href":"https:\/\/tvc16.com\/portal\/wp-json\/wp\/v2\/tags?post=12964"}],"curies":[{"name":"wp","href":"https:\/\/api.w.org\/{rel}","templated":true}]}}