{"id":12967,"date":"2021-04-15T10:25:23","date_gmt":"2021-04-15T13:25:23","guid":{"rendered":"https:\/\/tvc16.com\/portal\/?p=12967"},"modified":"2021-04-15T10:25:25","modified_gmt":"2021-04-15T13:25:25","slug":"policial-que-disparou-contra-daunte-wright-e-acusada-de-homicidio","status":"publish","type":"post","link":"https:\/\/tvc16.com\/portal\/2021\/04\/15\/policial-que-disparou-contra-daunte-wright-e-acusada-de-homicidio\/","title":{"rendered":"Policial que disparou contra Daunte Wright \u00e9 acusada de homic\u00eddio"},"content":{"rendered":"\n<h3 class=\"wp-block-heading\">Kim Potter se demitiu da for\u00e7a policial em Minnesota<\/h3>\n\n\n\n<h4 class=\"wp-block-heading\"> Por Nick Pfosi e Gabriella Borter* &#8211; Rep\u00f3rteres da Reuters &#8211; Minneapolis (EUA)<\/h4>\n\n\n\n<p>A policial que baleou e matou um jovem&nbsp;negro durante uma briga, ocorrida ap\u00f3s uma abordagem de tr\u00e2nsito de rotina no estado norte-americano de Minnesota, foi presa e formalmente acusada de homic\u00eddio culposo nessa quarta-feira (14).<img decoding=\"async\" src=\"https:\/\/agenciabrasil.ebc.com.br\/ebc.png?id=1406885&amp;o=node\"><img decoding=\"async\" src=\"https:\/\/agenciabrasil.ebc.com.br\/ebc.gif?id=1406885&amp;o=node\"><\/p>\n\n\n\n<p>Kim Potter, veterana com 26 anos de servi\u00e7o que se demitiu da for\u00e7a policial de Brooklyn Center na \u00faltima ter\u00e7a-feira, foi posta sob cust\u00f3dia&nbsp;e fichada na pris\u00e3o do condado de Hennepin por matar a tiro o jovem Daunte Wright, de 20 anos, na tarde de domingo, disse o \u00d3rg\u00e3o de Apreens\u00e3o Criminal de Minnesota em comunicado.<\/p>\n\n\n\n<p>Potter, de 48 anos, estava detida sem direito a fian\u00e7a, segundo registros da pris\u00e3o.<\/p>\n\n\n\n<p>Wright foi parado no domingo devido ao registro vencido de um ve\u00edculo.&nbsp;Policiais descobriram que existia um mandado de pris\u00e3o contra ele, e Potter sacou a arma de fogo, ao inv\u00e9s da arma de choque, acidentalmente durante uma luta com Wright, que voltou para o carro, disse o chefe policial de Brooklyn Center, Tim Gannon, que tamb\u00e9m pediu demiss\u00e3o.<\/p>\n\n\n\n<p>No v\u00eddeo da pol\u00edcia, ouve-se Potter gritando um palavr\u00e3o e, em seguida, &#8220;acabei de atirar nele&#8221;.<\/p>\n\n\n\n<p>Para que ela seja condenada pela lei de&nbsp;Minnesota por homic\u00eddio culposo, os procuradores precisam mostrar que Potter foi &#8220;culposamente negligente&#8221; e que correu um &#8220;risco insensato&#8221; em suas a\u00e7\u00f5es contra Wright. A acusa\u00e7\u00e3o implica pena m\u00e1xima de dez&nbsp;anos de pris\u00e3o e multa de US$ 20 mil.&nbsp;<\/p>\n\n\n\n<p><em>* Com reportagens adicionais de Nathan Layne, Brendan O&#8217;Brien e&nbsp;Joseph Ax&nbsp;&nbsp;<\/em><\/p>\n","protected":false},"excerpt":{"rendered":"<p>Kim Potter se demitiu da for\u00e7a policial em Minnesota Por Nick Pfosi e Gabriella Borter*<\/p>\n","protected":false},"author":2,"featured_media":12968,"comment_status":"open","ping_status":"open","sticky":false,"template":"","format":"standard","meta":{"footnotes":""},"categories":[17],"tags":[],"class_list":["post-12967","post","type-post","status-publish","format-standard","has-post-thumbnail","hentry","category-outras-noticias"],"_links":{"self":[{"href":"https:\/\/tvc16.com\/portal\/wp-json\/wp\/v2\/posts\/12967","targetHints":{"allow":["GET"]}}],"collection":[{"href":"https:\/\/tvc16.com\/portal\/wp-json\/wp\/v2\/posts"}],"about":[{"href":"https:\/\/tvc16.com\/portal\/wp-json\/wp\/v2\/types\/post"}],"author":[{"embeddable":true,"href":"https:\/\/tvc16.com\/portal\/wp-json\/wp\/v2\/users\/2"}],"replies":[{"embeddable":true,"href":"https:\/\/tvc16.com\/portal\/wp-json\/wp\/v2\/comments?post=12967"}],"version-history":[{"count":1,"href":"https:\/\/tvc16.com\/portal\/wp-json\/wp\/v2\/posts\/12967\/revisions"}],"predecessor-version":[{"id":12969,"href":"https:\/\/tvc16.com\/portal\/wp-json\/wp\/v2\/posts\/12967\/revisions\/12969"}],"wp:featuredmedia":[{"embeddable":true,"href":"https:\/\/tvc16.com\/portal\/wp-json\/wp\/v2\/media\/12968"}],"wp:attachment":[{"href":"https:\/\/tvc16.com\/portal\/wp-json\/wp\/v2\/media?parent=12967"}],"wp:term":[{"taxonomy":"category","embeddable":true,"href":"https:\/\/tvc16.com\/portal\/wp-json\/wp\/v2\/categories?post=12967"},{"taxonomy":"post_tag","embeddable":true,"href":"https:\/\/tvc16.com\/portal\/wp-json\/wp\/v2\/tags?post=12967"}],"curies":[{"name":"wp","href":"https:\/\/api.w.org\/{rel}","templated":true}]}}