{"id":12970,"date":"2021-04-15T10:26:09","date_gmt":"2021-04-15T13:26:09","guid":{"rendered":"https:\/\/tvc16.com\/portal\/?p=12970"},"modified":"2021-04-15T10:26:10","modified_gmt":"2021-04-15T13:26:10","slug":"igp-10-acumula-inflacao-de-3174-em-12-meses-diz-fgv","status":"publish","type":"post","link":"https:\/\/tvc16.com\/portal\/2021\/04\/15\/igp-10-acumula-inflacao-de-3174-em-12-meses-diz-fgv\/","title":{"rendered":"IGP-10 acumula infla\u00e7\u00e3o de 31,74% em 12 meses, diz FGV"},"content":{"rendered":"\n<h3 class=\"wp-block-heading\">Em abril, a taxa ficou em 1,58% e acumulou 9,16% no ano<\/h3>\n\n\n\n<h4 class=\"wp-block-heading\">Por Vitor Abdala &#8211; Rep\u00f3rter da Ag\u00eancia Brasil &#8211; Rio de Janeiro<\/h4>\n\n\n\n<p>O&nbsp;\u00cdndice Geral de Pre\u00e7os \u2013 10 (IGP-10) registrou infla\u00e7\u00e3o de&nbsp;1,58% em abril deste ano. A taxa \u00e9 inferior ao \u00edndice de 2,99% observado em mar\u00e7o, mas superior ao de 1,13% de abril de 2020. Os dados foram divulgados&nbsp;hoje&nbsp;(15) pela Funda\u00e7\u00e3o Getulio Vargas (FGV).<img decoding=\"async\" src=\"https:\/\/agenciabrasil.ebc.com.br\/ebc.png?id=1406887&amp;o=node\"><img decoding=\"async\" src=\"https:\/\/agenciabrasil.ebc.com.br\/ebc.gif?id=1406887&amp;o=node\"><\/p>\n\n\n\n<p>Com o resultado, o IGP-10 acumula taxas de infla\u00e7\u00e3o de 9,16% no ano e de 31,74%, em 12 meses.<\/p>\n\n\n\n<p>A queda do IGP-10 de mar\u00e7o para abril foi puxada pelos pre\u00e7os no atacado e na constru\u00e7\u00e3o. A infla\u00e7\u00e3o do \u00cdndice de Pre\u00e7os ao Produtor Amplo (IPA), que mede o atacado, recuou de 3,69% em mar\u00e7o para 1,79% em abril. O \u00cdndice Nacional de Custo da Constru\u00e7\u00e3o passou de 1,96% para 1,24%, no per\u00edodo.<\/p>\n\n\n\n<p>Por outro lado, o \u00cdndice de Pre\u00e7os ao Consumidor (IPC), que mede o varejo, subiu de 0,71% em mar\u00e7o para 0,87% em abril.<\/p>\n\n\n\n<p>Edi\u00e7\u00e3o: Maria Claudia<\/p>\n","protected":false},"excerpt":{"rendered":"<p>Em abril, a taxa ficou em 1,58% e acumulou 9,16% no ano Por Vitor Abdala<\/p>\n","protected":false},"author":2,"featured_media":12971,"comment_status":"open","ping_status":"open","sticky":false,"template":"","format":"standard","meta":{"footnotes":""},"categories":[17],"tags":[],"class_list":["post-12970","post","type-post","status-publish","format-standard","has-post-thumbnail","hentry","category-outras-noticias"],"_links":{"self":[{"href":"https:\/\/tvc16.com\/portal\/wp-json\/wp\/v2\/posts\/12970","targetHints":{"allow":["GET"]}}],"collection":[{"href":"https:\/\/tvc16.com\/portal\/wp-json\/wp\/v2\/posts"}],"about":[{"href":"https:\/\/tvc16.com\/portal\/wp-json\/wp\/v2\/types\/post"}],"author":[{"embeddable":true,"href":"https:\/\/tvc16.com\/portal\/wp-json\/wp\/v2\/users\/2"}],"replies":[{"embeddable":true,"href":"https:\/\/tvc16.com\/portal\/wp-json\/wp\/v2\/comments?post=12970"}],"version-history":[{"count":1,"href":"https:\/\/tvc16.com\/portal\/wp-json\/wp\/v2\/posts\/12970\/revisions"}],"predecessor-version":[{"id":12972,"href":"https:\/\/tvc16.com\/portal\/wp-json\/wp\/v2\/posts\/12970\/revisions\/12972"}],"wp:featuredmedia":[{"embeddable":true,"href":"https:\/\/tvc16.com\/portal\/wp-json\/wp\/v2\/media\/12971"}],"wp:attachment":[{"href":"https:\/\/tvc16.com\/portal\/wp-json\/wp\/v2\/media?parent=12970"}],"wp:term":[{"taxonomy":"category","embeddable":true,"href":"https:\/\/tvc16.com\/portal\/wp-json\/wp\/v2\/categories?post=12970"},{"taxonomy":"post_tag","embeddable":true,"href":"https:\/\/tvc16.com\/portal\/wp-json\/wp\/v2\/tags?post=12970"}],"curies":[{"name":"wp","href":"https:\/\/api.w.org\/{rel}","templated":true}]}}