{"id":12976,"date":"2021-04-15T10:27:42","date_gmt":"2021-04-15T13:27:42","guid":{"rendered":"https:\/\/tvc16.com\/portal\/?p=12976"},"modified":"2021-04-15T10:27:44","modified_gmt":"2021-04-15T13:27:44","slug":"mata-atlantica-e-o-bioma-com-maior-captacao-de-agua-do-pais","status":"publish","type":"post","link":"https:\/\/tvc16.com\/portal\/2021\/04\/15\/mata-atlantica-e-o-bioma-com-maior-captacao-de-agua-do-pais\/","title":{"rendered":"Mata Atl\u00e2ntica \u00e9 o bioma com maior capta\u00e7\u00e3o de \u00e1gua do pa\u00eds"},"content":{"rendered":"\n<h3 class=\"wp-block-heading\">\u00c9 o que revela pesquisa referente a 2017 divulgada hoje pelo IBGE<\/h3>\n\n\n\n<h4 class=\"wp-block-heading\">Por Ana Cristina Campos \u2013 Rep\u00f3rter da Ag\u00eancia Brasil &#8211; Rio de Janeiro<\/h4>\n\n\n\n<p>A Mata Atl\u00e2ntica, que em 2010 representava 42% da retirada de \u00e1gua do pa\u00eds, passou a 39% em 2017. Este bioma concentra grande parte da popula\u00e7\u00e3o brasileira e, mesmo com a redu\u00e7\u00e3o, apresenta a maior capta\u00e7\u00e3o de \u00e1gua do pa\u00eds, com destaque para o abastecimento urbano.<img decoding=\"async\" src=\"https:\/\/agenciabrasil.ebc.com.br\/ebc.png?id=1406884&amp;o=node\"><img decoding=\"async\" src=\"https:\/\/agenciabrasil.ebc.com.br\/ebc.gif?id=1406884&amp;o=node\"><\/p>\n\n\n\n<p>Os dados constam do estudo Contas de Ecossistemas: Condi\u00e7\u00e3o dos Corpos H\u00eddricos, divulgado hoje (15), no Rio de Janeiro, pelo Instituto Brasileiro de Geografia e Estat\u00edstica (IBGE).<\/p>\n\n\n\n<p>Tanto em 2010 quanto em 2017, a segunda maior capta\u00e7\u00e3o foi observada no Cerrado, que passou de 20% da retirada de \u00e1gua do pa\u00eds para 23%. O Cerrado apresentou a maior taxa de crescimento de retirada de \u00e1gua, que se deu principalmente para a irriga\u00e7\u00e3o e expans\u00e3o agr\u00edcola.<\/p>\n\n\n\n<p>Em terceiro lugar, vem o Pampa, que manteve a taxa de 17% de capta\u00e7\u00e3o de \u00e1gua em 2010 e 2017. Este bioma, por sua vez, tem grande participa\u00e7\u00e3o na agricultura irrigada no pa\u00eds, com destaque para o cultivo de arroz.<\/p>\n\n\n\n<p>A agricultura irrigada foi a principal respons\u00e1vel pela retirada direta de \u00e1gua, seguida do abastecimento humano urbano, ind\u00fastria de transforma\u00e7\u00e3o, abastecimento animal, termoeletricidade, abastecimento humano rural e minera\u00e7\u00e3o.<\/p>\n\n\n\n<h2 class=\"wp-block-heading\">Usos da \u00e1gua<\/h2>\n\n\n\n<p>Em m\u00e9dia, verificou-se que, em cada um dos biomas Caatinga, Cerrado, Mata Atl\u00e2ntica e Pampa, 25% da \u00e1gua captada foram para fins de irriga\u00e7\u00e3o da agricultura em 2010, sendo que esse resultado n\u00e3o mudou significativamente em 2017.<\/p>\n\n\n\n<p>Em rela\u00e7\u00e3o ao segundo principal uso da \u00e1gua no pa\u00eds, o abastecimento humano urbano, cerca de 64% da capta\u00e7\u00e3o de \u00e1gua destinada para essa finalidade ocorreram no bioma Mata Atl\u00e2ntica em 2010 e 2017.<\/p>\n\n\n\n<p>A maior parcela de \u00e1gua captada para abastecimento animal ocorreu no Cerrado em 2010 e 2017: 33% da \u00e1gua captada para essa finalidade no pa\u00eds foram realizadas nesse bioma devido \u00e0 atividade agropecu\u00e1ria na regi\u00e3o.<\/p>\n\n\n\n<p>O risco de extin\u00e7\u00e3o das esp\u00e9cies aqu\u00e1ticas avaliadas incidia mais sobre a fauna (vertebrados, na maioria) e a flora da Mata Atl\u00e2ntica, num total de 360 esp\u00e9cies amea\u00e7adas. Em seguida, vinham o Cerrado (216) e a Amaz\u00f4nia (104). J\u00e1 o maior percentual de vertebrados amea\u00e7ados estava na Mata Atl\u00e2ntica (11,3%), com Cerrado (9,1%) e o Pampa (7,8%) em seguida.<\/p>\n\n\n\n<h2 class=\"wp-block-heading\">Produtos n\u00e3o madeireiros<\/h2>\n\n\n\n<p>O IBGE tamb\u00e9m divulgou hoje a publica\u00e7\u00e3o Contas de Ecossistemas: Produtos Florestais N\u00e3o Madeireiros. O estudo apresenta dados analisados entre 2006 e 2016.<\/p>\n\n\n\n<p>A Amaz\u00f4nia e o Cerrado s\u00e3o os biomas com a maior variedade dos dez produtos florestais n\u00e3o madeireiros pesquisados: a\u00e7a\u00ed (extra\u00eddo e plantado), l\u00e1tex coagulado (extra\u00eddo e plantado), erva mate (extra\u00edda e plantada), palmito (extra\u00eddo e plantado), castanha-do-par\u00e1, pequi (fruto e am\u00eandoa), baba\u00e7u, carna\u00faba (cera e p\u00f3), jaborandi e pia\u00e7ava.<\/p>\n\n\n\n<p>Os maiores aumentos na produ\u00e7\u00e3o foram do a\u00e7a\u00ed extra\u00eddo (113%), da erva mate cultivada (45%) e extra\u00edda (51%) e do palmito cultivado (60%). Com forte valoriza\u00e7\u00e3o no mercado nacional e internacional, o a\u00e7a\u00ed teve aumento de 113% na quantidade extra\u00edda, saindo de 101,3 mil toneladas em 2006 para 215,4 mil toneladas, em 2016.<\/p>\n\n\n\n<figure class=\"wp-block-image\"><img decoding=\"async\" src=\"https:\/\/imagens.ebc.com.br\/UoqriQKNqkiQbFlnovXPyhGe0o4=\/365x0\/smart\/https:\/\/agenciabrasil.ebc.com.br\/sites\/default\/files\/atoms\/image\/acaizeiro_embrapa_giorgio_venturieri.jpg?itok=6XKk2rKS\" alt=\"O a\u00e7a\u00ed foi o produto da extra\u00e7\u00e3o vegetal n\u00e3o madeireira brasileira com maior valor de produ\u00e7\u00e3o no ano passado\" title=\"Giorgio Venturieri\/Embrapa\"\/><\/figure>\n\n\n\n<p>A\u00e7aizeiro &#8211;<strong>&nbsp;Giorgio Venturieri\/Embrapa<\/strong><\/p>\n\n\n\n<p>Na Mata Atl\u00e2ntica, destaca-se a produ\u00e7\u00e3o de 347 mil toneladas de erva mate extra\u00edda e, na Amaz\u00f4nia, a extra\u00e7\u00e3o de a\u00e7a\u00ed (215 mil toneladas).<\/p>\n\n\n\n<p>Esses dois estudos comp\u00f5em o Sistema de Contas Econ\u00f4micas Ambientais, que seguem as recomenda\u00e7\u00f5es das Na\u00e7\u00f5es Unidas para promover a integra\u00e7\u00e3o dos benef\u00edcios gerados pela natureza ao Sistema de Contas Nacionais do IBGE.&nbsp;<\/p>\n\n\n\n<p>Os dados s\u00e3o experimentais e est\u00e3o em fase de teste e avalia\u00e7\u00e3o. Segundo o instituto, sua publica\u00e7\u00e3o pretende incluir a sociedade no processo de desenvolvimento desses indicadores desde os est\u00e1gios iniciais.<\/p>\n\n\n\n<p>Edi\u00e7\u00e3o: Kleber Sampaio<\/p>\n","protected":false},"excerpt":{"rendered":"<p>\u00c9 o que revela pesquisa referente a 2017 divulgada hoje pelo IBGE Por Ana Cristina<\/p>\n","protected":false},"author":2,"featured_media":12977,"comment_status":"open","ping_status":"open","sticky":false,"template":"","format":"standard","meta":{"footnotes":""},"categories":[17],"tags":[],"class_list":["post-12976","post","type-post","status-publish","format-standard","has-post-thumbnail","hentry","category-outras-noticias"],"_links":{"self":[{"href":"https:\/\/tvc16.com\/portal\/wp-json\/wp\/v2\/posts\/12976","targetHints":{"allow":["GET"]}}],"collection":[{"href":"https:\/\/tvc16.com\/portal\/wp-json\/wp\/v2\/posts"}],"about":[{"href":"https:\/\/tvc16.com\/portal\/wp-json\/wp\/v2\/types\/post"}],"author":[{"embeddable":true,"href":"https:\/\/tvc16.com\/portal\/wp-json\/wp\/v2\/users\/2"}],"replies":[{"embeddable":true,"href":"https:\/\/tvc16.com\/portal\/wp-json\/wp\/v2\/comments?post=12976"}],"version-history":[{"count":1,"href":"https:\/\/tvc16.com\/portal\/wp-json\/wp\/v2\/posts\/12976\/revisions"}],"predecessor-version":[{"id":12978,"href":"https:\/\/tvc16.com\/portal\/wp-json\/wp\/v2\/posts\/12976\/revisions\/12978"}],"wp:featuredmedia":[{"embeddable":true,"href":"https:\/\/tvc16.com\/portal\/wp-json\/wp\/v2\/media\/12977"}],"wp:attachment":[{"href":"https:\/\/tvc16.com\/portal\/wp-json\/wp\/v2\/media?parent=12976"}],"wp:term":[{"taxonomy":"category","embeddable":true,"href":"https:\/\/tvc16.com\/portal\/wp-json\/wp\/v2\/categories?post=12976"},{"taxonomy":"post_tag","embeddable":true,"href":"https:\/\/tvc16.com\/portal\/wp-json\/wp\/v2\/tags?post=12976"}],"curies":[{"name":"wp","href":"https:\/\/api.w.org\/{rel}","templated":true}]}}