{"id":12988,"date":"2021-04-15T18:12:52","date_gmt":"2021-04-15T21:12:52","guid":{"rendered":"https:\/\/tvc16.com\/portal\/?p=12988"},"modified":"2021-04-15T18:12:54","modified_gmt":"2021-04-15T21:12:54","slug":"governo-estima-deficit-primario-de-r-17047-bi-em-2022","status":"publish","type":"post","link":"https:\/\/tvc16.com\/portal\/2021\/04\/15\/governo-estima-deficit-primario-de-r-17047-bi-em-2022\/","title":{"rendered":"Governo estima d\u00e9ficit prim\u00e1rio de R$ 170,47 bi em 2022"},"content":{"rendered":"\n<h3 class=\"wp-block-heading\">Contas federais ficariam negativas at\u00e9 pelo menos 2024<\/h3>\n\n\n\n<h4 class=\"wp-block-heading\">Por Wellton M\u00e1ximo \u2013 Rep\u00f3rter da Ag\u00eancia Brasil &#8211; Bras\u00edlia<\/h4>\n\n\n\n<p>As contas p\u00fablicas do Governo Central (Tesouro Nacional, Previd\u00eancia Social e Banco Central) dever\u00e3o fechar 2022 com d\u00e9ficit prim\u00e1rio de R$ 170,47 bilh\u00f5es. A meta fiscal consta do Projeto da Lei de Diretrizes Or\u00e7ament\u00e1rias (PLDO) de 2022, enviado hoje (15) ao Congresso Nacional.<img decoding=\"async\" src=\"https:\/\/agenciabrasil.ebc.com.br\/ebc.png?id=1406948&amp;o=node\"><img decoding=\"async\" src=\"https:\/\/agenciabrasil.ebc.com.br\/ebc.gif?id=1406948&amp;o=node\"><\/p>\n\n\n\n<p>O d\u00e9ficit prim\u00e1rio representa o resultado das contas do governo desconsiderando o pagamento dos juros da d\u00edvida p\u00fablica. Com o d\u00e9ficit previsto para o pr\u00f3ximo ano, esse ser\u00e1 o nono ano seguido de contas p\u00fablicas no negativo.<\/p>\n\n\n\n<p>O projeto da LDO prev\u00ea d\u00e9ficits at\u00e9 pelo menos 2024, totalizando 11 anos seguidos de resultados negativos. O texto projeta d\u00e9ficit de R$ 144,97 bilh\u00f5es em 2023 e de R$ 102,2 bilh\u00f5es em 2024.<\/p>\n\n\n\n<p>Apesar de mais um resultado negativo para o pr\u00f3ximo ano, o d\u00e9ficit \u00e9 inferior \u00e0 meta de R$ 247,1 bilh\u00f5es estipulada para este ano. A meta fiscal para 2021 pode ser afrouxada conforme a necessidade de gastos com o enfrentamento \u00e0 pandemia de covid-19.<\/p>\n\n\n\n<h2 class=\"wp-block-heading\">Teto de gastos<\/h2>\n\n\n\n<p>A alta da infla\u00e7\u00e3o a partir do segundo semestre do ano passado aliviou as restri\u00e7\u00f5es impostas pelo teto federal de gastos em 2022, depois de um limite severo imposto para 2021. O PLDO permitir\u00e1 o aumento de R$ 107 bilh\u00f5es no teto de gastos para o pr\u00f3ximo ano, de R$ 1,485 trilh\u00e3o em 2021 para R$ 1,592 trilh\u00e3o em 2022.<\/p>\n\n\n\n<p>A alta, de 7,2%, equivale \u00e0 estimativa de infla\u00e7\u00e3o pelo \u00cdndice Oficial de Pre\u00e7os ao Consumidor Amplo (IPCA) acumulado entre julho de 2021 e junho de 2022. O valor est\u00e1 um pouco mais otimista que as proje\u00e7\u00f5es do mercado financeiro, que estimam que a infla\u00e7\u00e3o acumulada em 12 meses chegar\u00e1 a junho entre 7,5% e 8%.<\/p>\n\n\n\n<p>Neste ano, os gastos p\u00fablicos federais poder\u00e3o crescer apenas 2,13%, equivalente ao IPCA acumulado entre julho de 2019 e junho de 2020. Com as restri\u00e7\u00f5es das atividades econ\u00f4micas nos primeiros meses da pandemia de covid-19, a infla\u00e7\u00e3o oficial caiu no primeiro semestre do ano passado, empurrando para baixo o \u00edndice usado para corrigir o teto de gastos. No segundo semestre, o IPCA disparou com a alta dos alimentos, mas essa alta s\u00f3 se refletir\u00e1 no limite de gastos para 2022.<\/p>\n\n\n\n<p>O PLDO traz par\u00e2metros que orientam a elabora\u00e7\u00e3o do Or\u00e7amento do ano seguinte. Em tese, o projeto precisa ser aprovado pelo Congresso Nacional at\u00e9 o fim do semestre legislativo, na metade de julho. Caso contr\u00e1rio, a pauta do Congresso ficar\u00e1 trancada.<\/p>\n\n\n\n<p>Edi\u00e7\u00e3o: Aline Leal<\/p>\n","protected":false},"excerpt":{"rendered":"<p>Contas federais ficariam negativas at\u00e9 pelo menos 2024 Por Wellton M\u00e1ximo \u2013 Rep\u00f3rter da Ag\u00eancia<\/p>\n","protected":false},"author":2,"featured_media":12989,"comment_status":"open","ping_status":"open","sticky":false,"template":"","format":"standard","meta":{"footnotes":""},"categories":[17],"tags":[],"class_list":["post-12988","post","type-post","status-publish","format-standard","has-post-thumbnail","hentry","category-outras-noticias"],"_links":{"self":[{"href":"https:\/\/tvc16.com\/portal\/wp-json\/wp\/v2\/posts\/12988","targetHints":{"allow":["GET"]}}],"collection":[{"href":"https:\/\/tvc16.com\/portal\/wp-json\/wp\/v2\/posts"}],"about":[{"href":"https:\/\/tvc16.com\/portal\/wp-json\/wp\/v2\/types\/post"}],"author":[{"embeddable":true,"href":"https:\/\/tvc16.com\/portal\/wp-json\/wp\/v2\/users\/2"}],"replies":[{"embeddable":true,"href":"https:\/\/tvc16.com\/portal\/wp-json\/wp\/v2\/comments?post=12988"}],"version-history":[{"count":1,"href":"https:\/\/tvc16.com\/portal\/wp-json\/wp\/v2\/posts\/12988\/revisions"}],"predecessor-version":[{"id":12990,"href":"https:\/\/tvc16.com\/portal\/wp-json\/wp\/v2\/posts\/12988\/revisions\/12990"}],"wp:featuredmedia":[{"embeddable":true,"href":"https:\/\/tvc16.com\/portal\/wp-json\/wp\/v2\/media\/12989"}],"wp:attachment":[{"href":"https:\/\/tvc16.com\/portal\/wp-json\/wp\/v2\/media?parent=12988"}],"wp:term":[{"taxonomy":"category","embeddable":true,"href":"https:\/\/tvc16.com\/portal\/wp-json\/wp\/v2\/categories?post=12988"},{"taxonomy":"post_tag","embeddable":true,"href":"https:\/\/tvc16.com\/portal\/wp-json\/wp\/v2\/tags?post=12988"}],"curies":[{"name":"wp","href":"https:\/\/api.w.org\/{rel}","templated":true}]}}